{"id":5074,"date":"2024-11-05T18:54:26","date_gmt":"2024-11-05T21:54:26","guid":{"rendered":"https:\/\/institutomahle.org.br\/unkategorisiert\/junge-eurhythmie-gruppe-minerva-kuenstlerisches-programm-momentum\/"},"modified":"2024-11-05T18:54:27","modified_gmt":"2024-11-05T21:54:27","slug":"junge-eurhythmie-gruppe-minerva-kuenstlerisches-programm-momentum","status":"publish","type":"post","link":"https:\/\/institutomahle.org.br\/de\/projekte\/junge-eurhythmie-gruppe-minerva-kuenstlerisches-programm-momentum\/","title":{"rendered":"JUNGE EURHYTHMIE-GRUPPE MINERVA &#8211; K\u00dcNSTLERISCHES PROGRAMM: MOMENTUM"},"content":{"rendered":"\t\t<div data-elementor-type=\"wp-post\" data-elementor-id=\"5074\" class=\"elementor elementor-5074 elementor-4555\" data-elementor-post-type=\"post\">\n\t\t\t\t\t\t<section class=\"elementor-section elementor-top-section elementor-element elementor-element-52b144c elementor-section-height-min-height elementor-section-items-top elementor-section-boxed elementor-section-height-default\" data-id=\"52b144c\" data-element_type=\"section\" data-settings=\"{&quot;background_background&quot;:&quot;classic&quot;}\">\n\t\t\t\t\t\t<div class=\"elementor-container elementor-column-gap-default\">\n\t\t\t\t\t<div class=\"elementor-column elementor-col-100 elementor-top-column elementor-element elementor-element-6caa904\" data-id=\"6caa904\" data-element_type=\"column\" data-settings=\"{&quot;background_background&quot;:&quot;classic&quot;}\">\n\t\t\t<div class=\"elementor-widget-wrap elementor-element-populated\">\n\t\t\t\t\t\t<div class=\"elementor-element elementor-element-b94c266 elementor-widget elementor-widget-spacer\" data-id=\"b94c266\" data-element_type=\"widget\" data-settings=\"{&quot;ekit_we_effect_on&quot;:&quot;none&quot;}\" data-widget_type=\"spacer.default\">\n\t\t\t\t<div class=\"elementor-widget-container\">\n\t\t\t\t\t\t\t<div class=\"elementor-spacer\">\n\t\t\t<div class=\"elementor-spacer-inner\"><\/div>\n\t\t<\/div>\n\t\t\t\t\t\t<\/div>\n\t\t\t\t<\/div>\n\t\t\t\t\t<\/div>\n\t\t<\/div>\n\t\t\t\t\t<\/div>\n\t\t<\/section>\n\t\t\t\t<section class=\"elementor-section elementor-top-section elementor-element elementor-element-fe59feb elementor-section-boxed elementor-section-height-default elementor-section-height-default\" data-id=\"fe59feb\" data-element_type=\"section\">\n\t\t\t\t\t\t<div class=\"elementor-container elementor-column-gap-default\">\n\t\t\t\t\t<div class=\"elementor-column elementor-col-100 elementor-top-column elementor-element elementor-element-b54b751\" data-id=\"b54b751\" data-element_type=\"column\" data-settings=\"{&quot;background_background&quot;:&quot;classic&quot;}\">\n\t\t\t<div class=\"elementor-widget-wrap elementor-element-populated\">\n\t\t\t\t\t\t<div class=\"elementor-element elementor-element-003e849 elementor-widget elementor-widget-heading\" data-id=\"003e849\" data-element_type=\"widget\" data-settings=\"{&quot;ekit_we_effect_on&quot;:&quot;none&quot;}\" data-widget_type=\"heading.default\">\n\t\t\t\t<div class=\"elementor-widget-container\">\n\t\t\t\t\t<h2 class=\"elementor-heading-title elementor-size-xxl\">JUNGE EURHYTHMIE-GRUPPE MINERVA - K\u00dcNSTLERISCHES PROGRAMM: MOMENTUM<\/h2>\t\t\t\t<\/div>\n\t\t\t\t<\/div>\n\t\t\t\t\t<\/div>\n\t\t<\/div>\n\t\t\t\t\t<\/div>\n\t\t<\/section>\n\t\t\t\t<section class=\"elementor-section elementor-top-section elementor-element elementor-element-19ef3c23 elementor-section-boxed elementor-section-height-default elementor-section-height-default\" data-id=\"19ef3c23\" data-element_type=\"section\" data-settings=\"{&quot;background_background&quot;:&quot;classic&quot;}\">\n\t\t\t\t\t\t<div class=\"elementor-container elementor-column-gap-default\">\n\t\t\t\t\t<div class=\"elementor-column elementor-col-100 elementor-top-column elementor-element elementor-element-1c49871c\" data-id=\"1c49871c\" data-element_type=\"column\">\n\t\t\t<div class=\"elementor-widget-wrap elementor-element-populated\">\n\t\t\t\t\t\t<section class=\"elementor-section elementor-inner-section elementor-element elementor-element-41cc4efc elementor-section-boxed elementor-section-height-default elementor-section-height-default\" data-id=\"41cc4efc\" data-element_type=\"section\" data-settings=\"{&quot;background_background&quot;:&quot;classic&quot;}\">\n\t\t\t\t\t\t<div class=\"elementor-container elementor-column-gap-wider\">\n\t\t\t\t\t<div class=\"elementor-column elementor-col-50 elementor-inner-column elementor-element elementor-element-78bbbcc8\" data-id=\"78bbbcc8\" data-element_type=\"column\">\n\t\t\t<div class=\"elementor-widget-wrap elementor-element-populated\">\n\t\t\t\t\t\t<div class=\"elementor-element elementor-element-31fd0930 elementor-widget elementor-widget-heading\" data-id=\"31fd0930\" data-element_type=\"widget\" data-settings=\"{&quot;ekit_we_effect_on&quot;:&quot;none&quot;}\" data-widget_type=\"heading.default\">\n\t\t\t\t<div class=\"elementor-widget-container\">\n\t\t\t\t\t<h3 class=\"elementor-heading-title elementor-size-default\">projekt<\/h3>\t\t\t\t<\/div>\n\t\t\t\t<\/div>\n\t\t\t\t<div class=\"elementor-element elementor-element-13e97906 elementor-widget elementor-widget-text-editor\" data-id=\"13e97906\" data-element_type=\"widget\" data-settings=\"{&quot;ekit_we_effect_on&quot;:&quot;none&quot;}\" data-widget_type=\"text-editor.default\">\n\t\t\t\t<div class=\"elementor-widget-container\">\n\t\t\t\t\t\t\t\t\t<p>JUNGE EURHYTHMIE-GRUPPE MINERVA &#8211; K\u00dcNSTLERISCHES PROGRAMM: MOMENTUM<\/p>\n\t\t\t\t\t\t\t\t<\/div>\n\t\t\t\t<\/div>\n\t\t\t\t<div class=\"elementor-element elementor-element-757c45f elementor-widget elementor-widget-spacer\" data-id=\"757c45f\" data-element_type=\"widget\" data-settings=\"{&quot;ekit_we_effect_on&quot;:&quot;none&quot;}\" data-widget_type=\"spacer.default\">\n\t\t\t\t<div class=\"elementor-widget-container\">\n\t\t\t\t\t\t\t<div class=\"elementor-spacer\">\n\t\t\t<div class=\"elementor-spacer-inner\"><\/div>\n\t\t<\/div>\n\t\t\t\t\t\t<\/div>\n\t\t\t\t<\/div>\n\t\t\t\t<div class=\"elementor-element elementor-element-2407e76c elementor-widget elementor-widget-heading\" data-id=\"2407e76c\" data-element_type=\"widget\" data-settings=\"{&quot;ekit_we_effect_on&quot;:&quot;none&quot;}\" data-widget_type=\"heading.default\">\n\t\t\t\t<div class=\"elementor-widget-container\">\n\t\t\t\t\t<h3 class=\"elementor-heading-title elementor-size-default\">ANTRAGSTELLENDE INSTITUTION<\/h3>\t\t\t\t<\/div>\n\t\t\t\t<\/div>\n\t\t\t\t<div class=\"elementor-element elementor-element-56b6c3eb elementor-widget elementor-widget-text-editor\" data-id=\"56b6c3eb\" data-element_type=\"widget\" data-settings=\"{&quot;ekit_we_effect_on&quot;:&quot;none&quot;}\" data-widget_type=\"text-editor.default\">\n\t\t\t\t<div class=\"elementor-widget-container\">\n\t\t\t\t\t\t\t\t\t<p>ASSOCIA\u00c7\u00c3O PEDAG\u00d3GICA NOVALIS<\/p>\n\t\t\t\t\t\t\t\t<\/div>\n\t\t\t\t<\/div>\n\t\t\t\t<div class=\"elementor-element elementor-element-aba93e2 elementor-widget elementor-widget-spacer\" data-id=\"aba93e2\" data-element_type=\"widget\" data-settings=\"{&quot;ekit_we_effect_on&quot;:&quot;none&quot;}\" data-widget_type=\"spacer.default\">\n\t\t\t\t<div class=\"elementor-widget-container\">\n\t\t\t\t\t\t\t<div class=\"elementor-spacer\">\n\t\t\t<div class=\"elementor-spacer-inner\"><\/div>\n\t\t<\/div>\n\t\t\t\t\t\t<\/div>\n\t\t\t\t<\/div>\n\t\t\t\t<div class=\"elementor-element elementor-element-e12415b elementor-widget elementor-widget-text-editor\" data-id=\"e12415b\" data-element_type=\"widget\" data-settings=\"{&quot;ekit_we_effect_on&quot;:&quot;none&quot;}\" data-widget_type=\"text-editor.default\">\n\t\t\t\t<div class=\"elementor-widget-container\">\n\t\t\t\t\t\t\t\t\t<p>Eurhythmie als k\u00fcnstlerische und berufliche M\u00f6glichkeit<\/p>\n\t\t\t\t\t\t\t\t<\/div>\n\t\t\t\t<\/div>\n\t\t\t\t<div class=\"elementor-element elementor-element-7d95176b elementor-widget elementor-widget-spacer\" data-id=\"7d95176b\" data-element_type=\"widget\" data-settings=\"{&quot;ekit_we_effect_on&quot;:&quot;none&quot;}\" data-widget_type=\"spacer.default\">\n\t\t\t\t<div class=\"elementor-widget-container\">\n\t\t\t\t\t\t\t<div class=\"elementor-spacer\">\n\t\t\t<div class=\"elementor-spacer-inner\"><\/div>\n\t\t<\/div>\n\t\t\t\t\t\t<\/div>\n\t\t\t\t<\/div>\n\t\t\t\t<div class=\"elementor-element elementor-element-11d44ea elementor-widget elementor-widget-button\" data-id=\"11d44ea\" data-element_type=\"widget\" data-settings=\"{&quot;ekit_we_effect_on&quot;:&quot;none&quot;}\" data-widget_type=\"button.default\">\n\t\t\t\t<div class=\"elementor-widget-container\">\n\t\t\t\t\t\t\t\t\t<div class=\"elementor-button-wrapper\">\n\t\t\t\t\t<a class=\"elementor-button elementor-button-link elementor-size-xs\" href=\"https:\/\/www.instagram.com\/minerva.euritmia\/\" target=\"_blank\">\n\t\t\t\t\t\t<span class=\"elementor-button-content-wrapper\">\n\t\t\t\t\t\t\t\t\t<span class=\"elementor-button-text\">BESUCHEN SIE DIE WEBSITE<\/span>\n\t\t\t\t\t<\/span>\n\t\t\t\t\t<\/a>\n\t\t\t\t<\/div>\n\t\t\t\t\t\t\t\t<\/div>\n\t\t\t\t<\/div>\n\t\t\t\t<div class=\"elementor-element elementor-element-0cf27df elementor-widget elementor-widget-spacer\" data-id=\"0cf27df\" data-element_type=\"widget\" data-settings=\"{&quot;ekit_we_effect_on&quot;:&quot;none&quot;}\" data-widget_type=\"spacer.default\">\n\t\t\t\t<div class=\"elementor-widget-container\">\n\t\t\t\t\t\t\t<div class=\"elementor-spacer\">\n\t\t\t<div class=\"elementor-spacer-inner\"><\/div>\n\t\t<\/div>\n\t\t\t\t\t\t<\/div>\n\t\t\t\t<\/div>\n\t\t\t\t<div class=\"elementor-element elementor-element-4a8fc870 elementor-widget elementor-widget-spacer\" data-id=\"4a8fc870\" data-element_type=\"widget\" data-settings=\"{&quot;ekit_we_effect_on&quot;:&quot;none&quot;}\" data-widget_type=\"spacer.default\">\n\t\t\t\t<div class=\"elementor-widget-container\">\n\t\t\t\t\t\t\t<div class=\"elementor-spacer\">\n\t\t\t<div class=\"elementor-spacer-inner\"><\/div>\n\t\t<\/div>\n\t\t\t\t\t\t<\/div>\n\t\t\t\t<\/div>\n\t\t\t\t<div class=\"elementor-element elementor-element-69f21c64 elementor-widget elementor-widget-heading\" data-id=\"69f21c64\" data-element_type=\"widget\" data-settings=\"{&quot;ekit_we_effect_on&quot;:&quot;none&quot;}\" data-widget_type=\"heading.default\">\n\t\t\t\t<div class=\"elementor-widget-container\">\n\t\t\t\t\t<h3 class=\"elementor-heading-title elementor-size-default\">BEREICH<\/h3>\t\t\t\t<\/div>\n\t\t\t\t<\/div>\n\t\t\t\t<div class=\"elementor-element elementor-element-19bd3af elementor-widget elementor-widget-text-editor\" data-id=\"19bd3af\" data-element_type=\"widget\" data-settings=\"{&quot;ekit_we_effect_on&quot;:&quot;none&quot;}\" data-widget_type=\"text-editor.default\">\n\t\t\t\t<div class=\"elementor-widget-container\">\n\t\t\t\t\t\t\t\t\t<p>KUNST UND KULTUR<\/p>\n\t\t\t\t\t\t\t\t<\/div>\n\t\t\t\t<\/div>\n\t\t\t\t<div class=\"elementor-element elementor-element-7694864 elementor-widget elementor-widget-heading\" data-id=\"7694864\" data-element_type=\"widget\" data-settings=\"{&quot;ekit_we_effect_on&quot;:&quot;none&quot;}\" data-widget_type=\"heading.default\">\n\t\t\t\t<div class=\"elementor-widget-container\">\n\t\t\t\t\t<h3 class=\"elementor-heading-title elementor-size-default\">REGION<\/h3>\t\t\t\t<\/div>\n\t\t\t\t<\/div>\n\t\t\t\t<div class=\"elementor-element elementor-element-b790120 elementor-widget elementor-widget-text-editor\" data-id=\"b790120\" data-element_type=\"widget\" data-settings=\"{&quot;ekit_we_effect_on&quot;:&quot;none&quot;}\" data-widget_type=\"text-editor.default\">\n\t\t\t\t<div class=\"elementor-widget-container\">\n\t\t\t\t\t\t\t\t\t<p>PIRACICABA &#8211; SP<\/p>\n\t\t\t\t\t\t\t\t<\/div>\n\t\t\t\t<\/div>\n\t\t\t\t<div class=\"elementor-element elementor-element-d053b7 elementor-widget elementor-widget-heading\" data-id=\"d053b7\" data-element_type=\"widget\" data-settings=\"{&quot;ekit_we_effect_on&quot;:&quot;none&quot;}\" data-widget_type=\"heading.default\">\n\t\t\t\t<div class=\"elementor-widget-container\">\n\t\t\t\t\t<h3 class=\"elementor-heading-title elementor-size-default\">UNTERST\u00dcTZUNGSJAHR<\/h3>\t\t\t\t<\/div>\n\t\t\t\t<\/div>\n\t\t\t\t<div class=\"elementor-element elementor-element-47260ff elementor-widget elementor-widget-text-editor\" data-id=\"47260ff\" data-element_type=\"widget\" data-settings=\"{&quot;ekit_we_effect_on&quot;:&quot;none&quot;}\" data-widget_type=\"text-editor.default\">\n\t\t\t\t<div class=\"elementor-widget-container\">\n\t\t\t\t\t\t\t\t\t<p>2023<\/p>\n\t\t\t\t\t\t\t\t<\/div>\n\t\t\t\t<\/div>\n\t\t\t\t\t<\/div>\n\t\t<\/div>\n\t\t\t\t<div class=\"elementor-column elementor-col-50 elementor-inner-column elementor-element elementor-element-76e8981b\" data-id=\"76e8981b\" data-element_type=\"column\">\n\t\t\t<div class=\"elementor-widget-wrap elementor-element-populated\">\n\t\t\t\t\t\t<div class=\"elementor-element elementor-element-3eba787e elementor-widget elementor-widget-heading\" data-id=\"3eba787e\" data-element_type=\"widget\" data-settings=\"{&quot;ekit_we_effect_on&quot;:&quot;none&quot;}\" data-widget_type=\"heading.default\">\n\t\t\t\t<div class=\"elementor-widget-container\">\n\t\t\t\t\t<h3 class=\"elementor-heading-title elementor-size-default\">Die Herausforderung<\/h3>\t\t\t\t<\/div>\n\t\t\t\t<\/div>\n\t\t\t\t<div class=\"elementor-element elementor-element-3e3ecddf elementor-widget elementor-widget-text-editor\" data-id=\"3e3ecddf\" data-element_type=\"widget\" data-settings=\"{&quot;ekit_we_effect_on&quot;:&quot;none&quot;}\" data-widget_type=\"text-editor.default\">\n\t\t\t\t<div class=\"elementor-widget-container\">\n\t\t\t\t\t\t\t\t\t<p>Seit 2018 hat die Novalis-Schule ihre Oberstufe eingef\u00fchrt, wobei viele der Jugendlichen aus einkommensschwachen Familien stammen. Der Kontakt zu diesen Jugendlichen hat eine enorme gesellschaftliche Nachfrage nach inklusiver Bildung offenbart, die neben dem Pflichtinhalt auch M\u00f6glichkeiten zur Selbstentdeckung, zum Zugang zur Kultur und zur beruflichen Entwicklung bieten kann. Zudem gibt es in Brasilien eine latente Nachfrage nach Eurhythmie, wobei h\u00e4ufig Fachkr\u00e4fte fehlen, was den Unterricht an Waldorfschulen beeintr\u00e4chtigt und den Kontakt der Sch\u00fcler mit dieser k\u00fcnstlerischen Sprache einschr\u00e4nkt.  <\/p>\n\t\t\t\t\t\t\t\t<\/div>\n\t\t\t\t<\/div>\n\t\t\t\t<div class=\"elementor-element elementor-element-345ed409 elementor-widget elementor-widget-heading\" data-id=\"345ed409\" data-element_type=\"widget\" data-settings=\"{&quot;ekit_we_effect_on&quot;:&quot;none&quot;}\" data-widget_type=\"heading.default\">\n\t\t\t\t<div class=\"elementor-widget-container\">\n\t\t\t\t\t<h3 class=\"elementor-heading-title elementor-size-default\">Das Projekt<\/h3>\t\t\t\t<\/div>\n\t\t\t\t<\/div>\n\t\t\t\t<div class=\"elementor-element elementor-element-2b3a2e16 elementor-widget elementor-widget-text-editor\" data-id=\"2b3a2e16\" data-element_type=\"widget\" data-settings=\"{&quot;ekit_we_effect_on&quot;:&quot;none&quot;}\" data-widget_type=\"text-editor.default\">\n\t\t\t\t<div class=\"elementor-widget-container\">\n\t\t\t\t\t\t\t\t\t<p>Vor einigen Jahren gr\u00fcndete eine Gruppe von Jugendlichen, bestehend aus Sch\u00fclern und Ehemaligen der Waldorfschule Novalis, das Kollektiv Minerva, das darauf abzielt, junge Menschen im Bereich der Eurhythmie auszubilden und pers\u00f6nliche sowie berufliche F\u00e4higkeiten zu entwickeln. Derzeit widmet sich die Gruppe dem St\u00fcck \u201eMomentum\u201c, das k\u00fcnstlerische Darbietungen in Eurhythmie, Tanz, Musik und Poesie mit eigener Choreografie, musikalischer Arrangements und k\u00fcnstlerischer Produktion umfasst. Um das St\u00fcck einem breiteren Publikum au\u00dferhalb der lokalen Gemeinschaft zug\u00e4nglich zu machen, tourte die Gruppe durch Waldorfschulen in Brasilien sowie in St\u00e4dten in Mexiko und Peru, f\u00fchrte Workshops durch und f\u00f6rderte die brasilianische Volkskultur.  <\/p>\n\t\t\t\t\t\t\t\t<\/div>\n\t\t\t\t<\/div>\n\t\t\t\t<div class=\"elementor-element elementor-element-1ccff9f3 elementor-widget elementor-widget-heading\" data-id=\"1ccff9f3\" data-element_type=\"widget\" data-settings=\"{&quot;ekit_we_effect_on&quot;:&quot;none&quot;}\" data-widget_type=\"heading.default\">\n\t\t\t\t<div class=\"elementor-widget-container\">\n\t\t\t\t\t<h3 class=\"elementor-heading-title elementor-size-default\">Die Wirkung<\/h3>\t\t\t\t<\/div>\n\t\t\t\t<\/div>\n\t\t\t\t<div class=\"elementor-element elementor-element-31bfdc6b elementor-widget elementor-widget-text-editor\" data-id=\"31bfdc6b\" data-element_type=\"widget\" data-settings=\"{&quot;ekit_we_effect_on&quot;:&quot;none&quot;}\" data-widget_type=\"text-editor.default\">\n\t\t\t\t<div class=\"elementor-widget-container\">\n\t\t\t\t\t\t\t\t\t<ul>\n<li>K\u00fcnstlerische, emotionale und berufliche Entwicklung von Jugendlichen<\/li>\n<li>Verbreitung der Eurhythmie und F\u00f6rderung des nationalen Repertoires<\/li>\n<li>K\u00fcnstlerische Ausbildung, Teamarbeit, Selbstvertrauen, Organisation und Projektmanagement, Autonomie, positive Nutzung von Technologie, Unternehmertum, K\u00f6rperbewusstsein<\/li>\n<li>Schaffung eines Publikums, F\u00f6rderung der Bildung lokaler Gruppen und Anreiz zur Professionalisierung k\u00fcnstlerischer Karrieren<\/li>\n<li>Verbreitung des Repertoires brasilianischer K\u00fcnstler<\/li>\n<li>Schaffung neuer Eurhythmie-Zentren<\/li>\n<\/ul>\n\t\t\t\t\t\t\t\t<\/div>\n\t\t\t\t<\/div>\n\t\t\t\t<div class=\"elementor-element elementor-element-aa16252 elementor-widget elementor-widget-heading\" data-id=\"aa16252\" data-element_type=\"widget\" data-settings=\"{&quot;ekit_we_effect_on&quot;:&quot;none&quot;}\" data-widget_type=\"heading.default\">\n\t\t\t\t<div class=\"elementor-widget-container\">\n\t\t\t\t\t<h3 class=\"elementor-heading-title elementor-size-default\">Galerie der Bilder<\/h3>\t\t\t\t<\/div>\n\t\t\t\t<\/div>\n\t\t\t\t<div class=\"elementor-element elementor-element-2f8741e elementor-widget elementor-widget-text-editor\" data-id=\"2f8741e\" data-element_type=\"widget\" data-settings=\"{&quot;ekit_we_effect_on&quot;:&quot;none&quot;}\" data-widget_type=\"text-editor.default\">\n\t\t\t\t<div class=\"elementor-widget-container\">\n\t\t\t\t\t\t\t\t\t<p>KLICKEN SIE AUF DIE BILDER ZUM VERGR\u00d6SSERN<\/p>\n\t\t\t\t\t\t\t\t<\/div>\n\t\t\t\t<\/div>\n\t\t\t\t<div class=\"elementor-element elementor-element-423736f elementor-widget elementor-widget-qi_addons_for_elementor_image_gallery\" data-id=\"423736f\" data-element_type=\"widget\" data-settings=\"{&quot;ekit_we_effect_on&quot;:&quot;none&quot;}\" data-widget_type=\"qi_addons_for_elementor_image_gallery.default\">\n\t\t\t\t<div class=\"elementor-widget-container\">\n\t\t\t\t\t<div class=\"qodef-shortcode qodef-m qodef-qi-image-gallery qodef-qi-fslightbox-popup qodef-popup-gallery qodef-image--hover-zoom qodef-qi-grid qodef-layout--qi-columns qodef-col-num--5 qodef-responsive--custom qodef-col-num--1680--3 qodef-col-num--1440--5 qodef-col-num--1366--5 qodef-col-num--1024--5 qodef-col-num--768--5 qodef-col-num--680--5 qodef-col-num--480--5\">\n\t<div class=\"qodef-grid-inner\">\n\t\t<div class=\"qodef-e qodef-image-wrapper qodef-grid-item\">\n\t<div class=\"qodef-e-inner\">\n\t\t\t\t\t<a class=\"qodef-popup-item\" itemprop=\"image\" href=\"https:\/\/institutomahle.org.br\/wp-content\/uploads\/2024\/10\/instituto-mahle-2024-novalis-2.webp\" data-type=\"image\" data-fslightbox=\"gallery-560\">\n\t\t\t\t\t<img decoding=\"async\" width=\"150\" height=\"150\" src=\"https:\/\/institutomahle.org.br\/wp-content\/uploads\/2024\/10\/instituto-mahle-2024-novalis-2-150x150.webp\" class=\"attachment-thumbnail size-thumbnail\" alt=\"\" srcset=\"https:\/\/institutomahle.org.br\/wp-content\/uploads\/2024\/10\/instituto-mahle-2024-novalis-2-150x150.webp 150w, https:\/\/institutomahle.org.br\/wp-content\/uploads\/2024\/10\/instituto-mahle-2024-novalis-2-570x570.webp 570w, https:\/\/institutomahle.org.br\/wp-content\/uploads\/2024\/10\/instituto-mahle-2024-novalis-2-500x500.webp 500w, https:\/\/institutomahle.org.br\/wp-content\/uploads\/2024\/10\/instituto-mahle-2024-novalis-2-650x650.webp 650w\" sizes=\"(max-width: 150px) 100vw, 150px\" \/>\t\t\t\t\t<\/a>\n\t\t\t<\/div>\n<\/div>\n<div class=\"qodef-e qodef-image-wrapper qodef-grid-item\">\n\t<div class=\"qodef-e-inner\">\n\t\t\t\t\t<a class=\"qodef-popup-item\" itemprop=\"image\" href=\"https:\/\/institutomahle.org.br\/wp-content\/uploads\/2024\/10\/instituto-mahle-2024-novalis-3.webp\" data-type=\"image\" data-fslightbox=\"gallery-560\">\n\t\t\t\t\t<img decoding=\"async\" width=\"150\" height=\"150\" src=\"https:\/\/institutomahle.org.br\/wp-content\/uploads\/2024\/10\/instituto-mahle-2024-novalis-3-150x150.webp\" class=\"attachment-thumbnail size-thumbnail\" alt=\"\" srcset=\"https:\/\/institutomahle.org.br\/wp-content\/uploads\/2024\/10\/instituto-mahle-2024-novalis-3-150x150.webp 150w, https:\/\/institutomahle.org.br\/wp-content\/uploads\/2024\/10\/instituto-mahle-2024-novalis-3-570x570.webp 570w, https:\/\/institutomahle.org.br\/wp-content\/uploads\/2024\/10\/instituto-mahle-2024-novalis-3-500x500.webp 500w, https:\/\/institutomahle.org.br\/wp-content\/uploads\/2024\/10\/instituto-mahle-2024-novalis-3-650x650.webp 650w\" sizes=\"(max-width: 150px) 100vw, 150px\" \/>\t\t\t\t\t<\/a>\n\t\t\t<\/div>\n<\/div>\n<div class=\"qodef-e qodef-image-wrapper qodef-grid-item\">\n\t<div class=\"qodef-e-inner\">\n\t\t\t\t\t<a class=\"qodef-popup-item\" itemprop=\"image\" href=\"https:\/\/institutomahle.org.br\/wp-content\/uploads\/2024\/10\/instituto-mahle-2024-novalis-4.webp\" data-type=\"image\" data-fslightbox=\"gallery-560\">\n\t\t\t\t\t<img decoding=\"async\" width=\"150\" height=\"150\" src=\"https:\/\/institutomahle.org.br\/wp-content\/uploads\/2024\/10\/instituto-mahle-2024-novalis-4-150x150.webp\" class=\"attachment-thumbnail size-thumbnail\" alt=\"\" srcset=\"https:\/\/institutomahle.org.br\/wp-content\/uploads\/2024\/10\/instituto-mahle-2024-novalis-4-150x150.webp 150w, https:\/\/institutomahle.org.br\/wp-content\/uploads\/2024\/10\/instituto-mahle-2024-novalis-4-570x570.webp 570w, https:\/\/institutomahle.org.br\/wp-content\/uploads\/2024\/10\/instituto-mahle-2024-novalis-4-500x500.webp 500w, https:\/\/institutomahle.org.br\/wp-content\/uploads\/2024\/10\/instituto-mahle-2024-novalis-4-650x650.webp 650w\" sizes=\"(max-width: 150px) 100vw, 150px\" \/>\t\t\t\t\t<\/a>\n\t\t\t<\/div>\n<\/div>\n<div class=\"qodef-e qodef-image-wrapper qodef-grid-item\">\n\t<div class=\"qodef-e-inner\">\n\t\t\t\t\t<a class=\"qodef-popup-item\" itemprop=\"image\" href=\"https:\/\/institutomahle.org.br\/wp-content\/uploads\/2024\/10\/instituto-mahle-2024-novalis-5.webp\" data-type=\"image\" data-fslightbox=\"gallery-560\">\n\t\t\t\t\t<img loading=\"lazy\" decoding=\"async\" width=\"150\" height=\"150\" src=\"https:\/\/institutomahle.org.br\/wp-content\/uploads\/2024\/10\/instituto-mahle-2024-novalis-5-150x150.webp\" class=\"attachment-thumbnail size-thumbnail\" alt=\"\" srcset=\"https:\/\/institutomahle.org.br\/wp-content\/uploads\/2024\/10\/instituto-mahle-2024-novalis-5-150x150.webp 150w, https:\/\/institutomahle.org.br\/wp-content\/uploads\/2024\/10\/instituto-mahle-2024-novalis-5-570x570.webp 570w, https:\/\/institutomahle.org.br\/wp-content\/uploads\/2024\/10\/instituto-mahle-2024-novalis-5-500x500.webp 500w, https:\/\/institutomahle.org.br\/wp-content\/uploads\/2024\/10\/instituto-mahle-2024-novalis-5-650x650.webp 650w\" sizes=\"(max-width: 150px) 100vw, 150px\" \/>\t\t\t\t\t<\/a>\n\t\t\t<\/div>\n<\/div>\n<div class=\"qodef-e qodef-image-wrapper qodef-grid-item\">\n\t<div class=\"qodef-e-inner\">\n\t\t\t\t\t<a class=\"qodef-popup-item\" itemprop=\"image\" href=\"https:\/\/institutomahle.org.br\/wp-content\/uploads\/2024\/10\/instituto-mahle-2024-novalis-1.webp\" data-type=\"image\" data-fslightbox=\"gallery-560\">\n\t\t\t\t\t<img loading=\"lazy\" decoding=\"async\" width=\"150\" height=\"150\" src=\"https:\/\/institutomahle.org.br\/wp-content\/uploads\/2024\/10\/instituto-mahle-2024-novalis-1-150x150.webp\" class=\"attachment-thumbnail size-thumbnail\" alt=\"\" srcset=\"https:\/\/institutomahle.org.br\/wp-content\/uploads\/2024\/10\/instituto-mahle-2024-novalis-1-150x150.webp 150w, https:\/\/institutomahle.org.br\/wp-content\/uploads\/2024\/10\/instituto-mahle-2024-novalis-1-570x570.webp 570w, https:\/\/institutomahle.org.br\/wp-content\/uploads\/2024\/10\/instituto-mahle-2024-novalis-1-500x500.webp 500w, https:\/\/institutomahle.org.br\/wp-content\/uploads\/2024\/10\/instituto-mahle-2024-novalis-1-650x650.webp 650w\" sizes=\"(max-width: 150px) 100vw, 150px\" \/>\t\t\t\t\t<\/a>\n\t\t\t<\/div>\n<\/div>\n\t<\/div>\n<\/div>\n\t\t\t\t<\/div>\n\t\t\t\t<\/div>\n\t\t\t\t\t<\/div>\n\t\t<\/div>\n\t\t\t\t\t<\/div>\n\t\t<\/section>\n\t\t\t\t<div class=\"elementor-element elementor-element-7ac40085 elementor-widget elementor-widget-spacer\" data-id=\"7ac40085\" data-element_type=\"widget\" data-settings=\"{&quot;ekit_we_effect_on&quot;:&quot;none&quot;}\" data-widget_type=\"spacer.default\">\n\t\t\t\t<div class=\"elementor-widget-container\">\n\t\t\t\t\t\t\t<div class=\"elementor-spacer\">\n\t\t\t<div class=\"elementor-spacer-inner\"><\/div>\n\t\t<\/div>\n\t\t\t\t\t\t<\/div>\n\t\t\t\t<\/div>\n\t\t\t\t\t<\/div>\n\t\t<\/div>\n\t\t\t\t\t<\/div>\n\t\t<\/section>\n\t\t\t\t<section class=\"elementor-section elementor-top-section elementor-element elementor-element-42ab8990 elementor-section-height-min-height elementor-section-items-top elementor-section-boxed elementor-section-height-default\" data-id=\"42ab8990\" data-element_type=\"section\" data-settings=\"{&quot;background_background&quot;:&quot;classic&quot;}\">\n\t\t\t\t\t\t<div class=\"elementor-container elementor-column-gap-default\">\n\t\t\t\t\t<div class=\"elementor-column elementor-col-100 elementor-top-column elementor-element elementor-element-34da23da\" data-id=\"34da23da\" data-element_type=\"column\">\n\t\t\t<div class=\"elementor-widget-wrap elementor-element-populated\">\n\t\t\t\t\t\t<div class=\"elementor-element elementor-element-54d17ed elementor-widget elementor-widget-heading\" data-id=\"54d17ed\" data-element_type=\"widget\" data-settings=\"{&quot;ekit_we_effect_on&quot;:&quot;none&quot;}\" data-widget_type=\"heading.default\">\n\t\t\t\t<div class=\"elementor-widget-container\">\n\t\t\t\t\t<h2 class=\"elementor-heading-title elementor-size-default\">WEITERE PROJEKTE IN KUNST UND KULTUR<\/h2>\t\t\t\t<\/div>\n\t\t\t\t<\/div>\n\t\t\t\t<div class=\"elementor-element elementor-element-bb17f04 elementor-widget elementor-widget-qi_addons_for_elementor_blog_slider\" data-id=\"bb17f04\" data-element_type=\"widget\" data-settings=\"{&quot;ekit_we_effect_on&quot;:&quot;none&quot;}\" data-widget_type=\"qi_addons_for_elementor_blog_slider.default\">\n\t\t\t\t<div class=\"elementor-widget-container\">\n\t\t\t\t\t<div class=\"qodef-shortcode qodef-m qodef-addons-blog-slider qodef-item-layout--boxed qodef-info-no-icons qodef-qi-grid qodef-qi-swiper-container qodef-item-layout--boxed qodef-navigation--outside qodef-navigation--hover-move\" data-options=\"{&quot;direction&quot;:&quot;horizontal&quot;,&quot;slidesPerView&quot;:&quot;3&quot;,&quot;spaceBetween&quot;:30,&quot;spaceBetweenTablet&quot;:&quot;&quot;,&quot;spaceBetweenMobile&quot;:&quot;&quot;,&quot;effect&quot;:&quot;&quot;,&quot;loop&quot;:false,&quot;autoplay&quot;:false,&quot;centeredSlides&quot;:false,&quot;speed&quot;:&quot;5000&quot;,&quot;speedAnimation&quot;:&quot;&quot;,&quot;outsideNavigation&quot;:&quot;yes&quot;,&quot;outsidePagination&quot;:&quot;no&quot;,&quot;unique&quot;:&quot;1&quot;,&quot;partialValue&quot;:0,&quot;disablePartialValue&quot;:&quot;&quot;,&quot;parallax&quot;:&quot;no&quot;}\">\n\t<div class=\"swiper-wrapper\">\n\t\t<article class=\"qodef-e qodef-blog-item swiper-slide qodef-item--custom post-5085 post type-post status-publish format-standard has-post-thumbnail hentry category-kunst-und-kultur category-projekte\">\n\t<div class=\"qodef-e-inner\">\n\t\t<div class=\"qodef-e-media-holder\">\n\t\t\t<div class=\"qodef-e-media\">\n\t\t<div class=\"qodef-e-media-image\">\n\t\t<a itemprop=\"url\" href=\"https:\/\/institutomahle.org.br\/de\/projekte\/langlebigkeit-schaffen-kunst-fuer-das-altern\/\">\n\t\t\t<img loading=\"lazy\" decoding=\"async\" src=\"https:\/\/institutomahle.org.br\/wp-content\/uploads\/2024\/10\/instituto-mahle-2024-sao-joaquim-1-400x300.webp\" alt=\"\" width=\"400\" height=\"300\" \/>\t\t<\/a>\n\t\t\t<\/div>\n<\/div>\n\t\t<\/div>\n\t\t<div class=\"qodef-e-content\">\n\t\t\t\t\t\t<div class=\"qodef-e-text\">\n\t\t\t\t<h4 itemprop=\"name\" class=\"qodef-e-title entry-title\">\n\t<a itemprop=\"url\" class=\"qodef-e-title-link\" href=\"https:\/\/institutomahle.org.br\/de\/projekte\/langlebigkeit-schaffen-kunst-fuer-das-altern\/\">\n\t\tLANGLEBIGKEIT SCHAFFEN &#8211; KUNST F\u00dcR DAS ALTERN\t<\/a>\n<\/h4>\n\t\t\t<\/div>\n\t\t\t\t\t<\/div>\n\t<\/div>\n<\/article>\n<article class=\"qodef-e qodef-blog-item swiper-slide qodef-item--custom post-5081 post type-post status-publish format-standard has-post-thumbnail hentry category-kunst-und-kultur category-projekte\">\n\t<div class=\"qodef-e-inner\">\n\t\t<div class=\"qodef-e-media-holder\">\n\t\t\t<div class=\"qodef-e-media\">\n\t\t<div class=\"qodef-e-media-image\">\n\t\t<a itemprop=\"url\" href=\"https:\/\/institutomahle.org.br\/de\/projekte\/talente-aktivieren-multigenerational\/\">\n\t\t\t<img loading=\"lazy\" decoding=\"async\" src=\"https:\/\/institutomahle.org.br\/wp-content\/uploads\/2024\/10\/instituto-mahle-2024-ACOMI-1-400x300.webp\" alt=\"\" width=\"400\" height=\"300\" \/>\t\t<\/a>\n\t\t\t<\/div>\n<\/div>\n\t\t<\/div>\n\t\t<div class=\"qodef-e-content\">\n\t\t\t\t\t\t<div class=\"qodef-e-text\">\n\t\t\t\t<h4 itemprop=\"name\" class=\"qodef-e-title entry-title\">\n\t<a itemprop=\"url\" class=\"qodef-e-title-link\" href=\"https:\/\/institutomahle.org.br\/de\/projekte\/talente-aktivieren-multigenerational\/\">\n\t\tTALENTE AKTIVIEREN: MULTIGENERATIONAL\t<\/a>\n<\/h4>\n\t\t\t<\/div>\n\t\t\t\t\t<\/div>\n\t<\/div>\n<\/article>\n<article class=\"qodef-e qodef-blog-item swiper-slide qodef-item--custom post-5077 post type-post status-publish format-standard has-post-thumbnail hentry category-kunst-und-kultur category-projekte\">\n\t<div class=\"qodef-e-inner\">\n\t\t<div class=\"qodef-e-media-holder\">\n\t\t\t<div class=\"qodef-e-media\">\n\t\t<div class=\"qodef-e-media-image\">\n\t\t<a itemprop=\"url\" href=\"https:\/\/institutomahle.org.br\/de\/projekte\/aldeiarte-kindheit-und-schoepfung\/\">\n\t\t\t<img loading=\"lazy\" decoding=\"async\" src=\"https:\/\/institutomahle.org.br\/wp-content\/uploads\/2024\/10\/instituto-mahle-2024-aldeia-6-400x300.webp\" alt=\"\" width=\"400\" height=\"300\" \/>\t\t<\/a>\n\t\t\t<\/div>\n<\/div>\n\t\t<\/div>\n\t\t<div class=\"qodef-e-content\">\n\t\t\t\t\t\t<div class=\"qodef-e-text\">\n\t\t\t\t<h4 itemprop=\"name\" class=\"qodef-e-title entry-title\">\n\t<a itemprop=\"url\" class=\"qodef-e-title-link\" href=\"https:\/\/institutomahle.org.br\/de\/projekte\/aldeiarte-kindheit-und-schoepfung\/\">\n\t\tALDEIARTE: KINDHEIT UND SCH\u00d6PFUNG\t<\/a>\n<\/h4>\n\t\t\t<\/div>\n\t\t\t\t\t<\/div>\n\t<\/div>\n<\/article>\n<article class=\"qodef-e qodef-blog-item swiper-slide qodef-item--custom post-5074 post type-post status-publish format-standard has-post-thumbnail hentry category-kunst-und-kultur category-projekte\">\n\t<div class=\"qodef-e-inner\">\n\t\t<div class=\"qodef-e-media-holder\">\n\t\t\t<div class=\"qodef-e-media\">\n\t\t<div class=\"qodef-e-media-image\">\n\t\t<a itemprop=\"url\" href=\"https:\/\/institutomahle.org.br\/de\/projekte\/junge-eurhythmie-gruppe-minerva-kuenstlerisches-programm-momentum\/\">\n\t\t\t<img loading=\"lazy\" decoding=\"async\" src=\"https:\/\/institutomahle.org.br\/wp-content\/uploads\/2024\/10\/instituto-mahle-2024-novalis-1-400x300.webp\" alt=\"\" width=\"400\" height=\"300\" \/>\t\t<\/a>\n\t\t\t<\/div>\n<\/div>\n\t\t<\/div>\n\t\t<div class=\"qodef-e-content\">\n\t\t\t\t\t\t<div class=\"qodef-e-text\">\n\t\t\t\t<h4 itemprop=\"name\" class=\"qodef-e-title entry-title\">\n\t<a itemprop=\"url\" class=\"qodef-e-title-link\" href=\"https:\/\/institutomahle.org.br\/de\/projekte\/junge-eurhythmie-gruppe-minerva-kuenstlerisches-programm-momentum\/\">\n\t\tJUNGE EURHYTHMIE-GRUPPE MINERVA &#8211; K\u00dcNSTLERISCHES PROGRAMM: MOMENTUM\t<\/a>\n<\/h4>\n\t\t\t<\/div>\n\t\t\t\t\t<\/div>\n\t<\/div>\n<\/article>\n\t<\/div>\n\t<\/div>\n\t\t<div class=\"swiper-button-prev swiper-button-outside swiper-button-prev-1\"><svg class=\"qodef-swiper-arrow-left\" xmlns=\"http:\/\/www.w3.org\/2000\/svg\" x=\"0px\" y=\"0px\" viewBox=\"0 0 34.2 32.3\" xml:space=\"preserve\" style=\"stroke-width: 2;\"><line x1=\"0.5\" y1=\"16\" x2=\"33.5\" y2=\"16\"\/><line x1=\"0.3\" y1=\"16.5\" x2=\"16.2\" y2=\"0.7\"\/><line x1=\"0\" y1=\"15.4\" x2=\"16.2\" y2=\"31.6\"\/><\/svg><\/div>\n\t<div class=\"swiper-button-next swiper-button-outside swiper-button-next-1\"><svg class=\"qodef-swiper-arrow-right\" xmlns=\"http:\/\/www.w3.org\/2000\/svg\" x=\"0px\" y=\"0px\" viewBox=\"0 0 34.2 32.3\" xml:space=\"preserve\" style=\"stroke-width: 2;\"><line x1=\"0\" y1=\"16\" x2=\"33\" y2=\"16\"\/><line x1=\"17.3\" y1=\"0.7\" x2=\"33.2\" y2=\"16.5\"\/><line x1=\"17.3\" y1=\"31.6\" x2=\"33.5\" y2=\"15.4\"\/><\/svg><\/div>\n\t\t\t\t\t<\/div>\n\t\t\t\t<\/div>\n\t\t\t\t\t<\/div>\n\t\t<\/div>\n\t\t\t\t\t<\/div>\n\t\t<\/section>\n\t\t\t\t<\/div>\n\t\t","protected":false},"excerpt":{"rendered":"<p>JUNGE EURHYTHMIE-GRUPPE MINERVA &#8211; K\u00dcNSTLERISCHES PROGRAMM: MOMENTUM projekt JUNGE EURHYTHMIE-GRUPPE MINERVA &#8211; K\u00dcNSTLERISCHES PROGRAMM: MOMENTUM ANTRAGSTELLENDE INSTITUTION ASSOCIA\u00c7\u00c3O PEDAG\u00d3GICA NOVALIS Eurhythmie als k\u00fcnstlerische und berufliche M\u00f6glichkeit BESUCHEN SIE DIE WEBSITE BEREICH KUNST UND KULTUR REGION PIRACICABA &#8211; SP UNTERST\u00dcTZUNGSJAHR 2023 Die Herausforderung Seit 2018 hat die Novalis-Schule ihre Oberstufe eingef\u00fchrt, wobei viele der Jugendlichen aus [&hellip;]<\/p>\n","protected":false},"author":1,"featured_media":5075,"comment_status":"closed","ping_status":"closed","sticky":false,"template":"elementor_header_footer","format":"standard","meta":{"footnotes":""},"categories":[54,52],"tags":[],"class_list":["post-5074","post","type-post","status-publish","format-standard","has-post-thumbnail","hentry","category-kunst-und-kultur","category-projekte"],"yoast_head":"<!-- This site is optimized with the Yoast SEO plugin v26.5 - https:\/\/yoast.com\/wordpress\/plugins\/seo\/ -->\n<title>JUNGE EURHYTHMIE-GRUPPE MINERVA - K\u00dcNSTLERISCHES PROGRAMM: MOMENTUM - Instituto Mahle<\/title>\n<meta name=\"robots\" content=\"index, follow, max-snippet:-1, max-image-preview:large, max-video-preview:-1\" \/>\n<link rel=\"canonical\" href=\"https:\/\/institutomahle.org.br\/projetos\/grupo-jovem-de-euritmia-minerva-programa-artistico-momentum\/\" \/>\n<meta property=\"og:locale\" content=\"de_DE\" \/>\n<meta property=\"og:type\" content=\"article\" \/>\n<meta property=\"og:title\" content=\"JUNGE EURHYTHMIE-GRUPPE MINERVA - K\u00dcNSTLERISCHES PROGRAMM: MOMENTUM - Instituto Mahle\" \/>\n<meta property=\"og:description\" content=\"JUNGE EURHYTHMIE-GRUPPE MINERVA &#8211; K\u00dcNSTLERISCHES PROGRAMM: MOMENTUM projekt JUNGE EURHYTHMIE-GRUPPE MINERVA &#8211; K\u00dcNSTLERISCHES PROGRAMM: MOMENTUM ANTRAGSTELLENDE INSTITUTION ASSOCIA\u00c7\u00c3O PEDAG\u00d3GICA NOVALIS Eurhythmie als k\u00fcnstlerische und berufliche M\u00f6glichkeit BESUCHEN SIE DIE WEBSITE BEREICH KUNST UND KULTUR REGION PIRACICABA &#8211; SP UNTERST\u00dcTZUNGSJAHR 2023 Die Herausforderung Seit 2018 hat die Novalis-Schule ihre Oberstufe eingef\u00fchrt, wobei viele der Jugendlichen aus [&hellip;]\" \/>\n<meta property=\"og:url\" content=\"https:\/\/institutomahle.org.br\/projetos\/grupo-jovem-de-euritmia-minerva-programa-artistico-momentum\/\" \/>\n<meta property=\"og:site_name\" content=\"Instituto Mahle\" \/>\n<meta property=\"article:published_time\" content=\"2024-11-05T21:54:26+00:00\" \/>\n<meta property=\"article:modified_time\" content=\"2024-11-05T21:54:27+00:00\" \/>\n<meta property=\"og:image\" content=\"https:\/\/institutomahle.org.br\/wp-content\/uploads\/2024\/10\/instituto-mahle-2024-novalis-1.webp\" \/>\n\t<meta property=\"og:image:width\" content=\"1600\" \/>\n\t<meta property=\"og:image:height\" content=\"901\" \/>\n\t<meta property=\"og:image:type\" content=\"image\/webp\" \/>\n<meta name=\"author\" content=\"mmo.digital\" \/>\n<meta name=\"twitter:card\" content=\"summary_large_image\" \/>\n<meta name=\"twitter:label1\" content=\"Verfasst von\" \/>\n\t<meta name=\"twitter:data1\" content=\"mmo.digital\" \/>\n\t<meta name=\"twitter:label2\" content=\"Gesch\u00e4tzte Lesezeit\" \/>\n\t<meta name=\"twitter:data2\" content=\"2\u00a0Minuten\" \/>\n<script type=\"application\/ld+json\" class=\"yoast-schema-graph\">{\"@context\":\"https:\/\/schema.org\",\"@graph\":[{\"@type\":\"Article\",\"@id\":\"https:\/\/institutomahle.org.br\/projetos\/grupo-jovem-de-euritmia-minerva-programa-artistico-momentum\/#article\",\"isPartOf\":{\"@id\":\"https:\/\/institutomahle.org.br\/projetos\/grupo-jovem-de-euritmia-minerva-programa-artistico-momentum\/\"},\"author\":{\"name\":\"mmo.digital\",\"@id\":\"https:\/\/institutomahle.org.br\/#\/schema\/person\/6b4616d30f1d7c9f16bbf6b5bb97a824\"},\"headline\":\"JUNGE EURHYTHMIE-GRUPPE MINERVA &#8211; K\u00dcNSTLERISCHES PROGRAMM: MOMENTUM\",\"datePublished\":\"2024-11-05T21:54:26+00:00\",\"dateModified\":\"2024-11-05T21:54:27+00:00\",\"mainEntityOfPage\":{\"@id\":\"https:\/\/institutomahle.org.br\/projetos\/grupo-jovem-de-euritmia-minerva-programa-artistico-momentum\/\"},\"wordCount\":354,\"publisher\":{\"@id\":\"https:\/\/institutomahle.org.br\/#organization\"},\"image\":{\"@id\":\"https:\/\/institutomahle.org.br\/projetos\/grupo-jovem-de-euritmia-minerva-programa-artistico-momentum\/#primaryimage\"},\"thumbnailUrl\":\"https:\/\/institutomahle.org.br\/wp-content\/uploads\/2024\/10\/instituto-mahle-2024-novalis-1.webp\",\"articleSection\":[\"Kunst und Kultur\",\"Projekte\"],\"inLanguage\":\"de\"},{\"@type\":\"WebPage\",\"@id\":\"https:\/\/institutomahle.org.br\/projetos\/grupo-jovem-de-euritmia-minerva-programa-artistico-momentum\/\",\"url\":\"https:\/\/institutomahle.org.br\/projetos\/grupo-jovem-de-euritmia-minerva-programa-artistico-momentum\/\",\"name\":\"JUNGE EURHYTHMIE-GRUPPE MINERVA - K\u00dcNSTLERISCHES PROGRAMM: MOMENTUM - Instituto Mahle\",\"isPartOf\":{\"@id\":\"https:\/\/institutomahle.org.br\/#website\"},\"primaryImageOfPage\":{\"@id\":\"https:\/\/institutomahle.org.br\/projetos\/grupo-jovem-de-euritmia-minerva-programa-artistico-momentum\/#primaryimage\"},\"image\":{\"@id\":\"https:\/\/institutomahle.org.br\/projetos\/grupo-jovem-de-euritmia-minerva-programa-artistico-momentum\/#primaryimage\"},\"thumbnailUrl\":\"https:\/\/institutomahle.org.br\/wp-content\/uploads\/2024\/10\/instituto-mahle-2024-novalis-1.webp\",\"datePublished\":\"2024-11-05T21:54:26+00:00\",\"dateModified\":\"2024-11-05T21:54:27+00:00\",\"breadcrumb\":{\"@id\":\"https:\/\/institutomahle.org.br\/projetos\/grupo-jovem-de-euritmia-minerva-programa-artistico-momentum\/#breadcrumb\"},\"inLanguage\":\"de\",\"potentialAction\":[{\"@type\":\"ReadAction\",\"target\":[\"https:\/\/institutomahle.org.br\/projetos\/grupo-jovem-de-euritmia-minerva-programa-artistico-momentum\/\"]}]},{\"@type\":\"ImageObject\",\"inLanguage\":\"de\",\"@id\":\"https:\/\/institutomahle.org.br\/projetos\/grupo-jovem-de-euritmia-minerva-programa-artistico-momentum\/#primaryimage\",\"url\":\"https:\/\/institutomahle.org.br\/wp-content\/uploads\/2024\/10\/instituto-mahle-2024-novalis-1.webp\",\"contentUrl\":\"https:\/\/institutomahle.org.br\/wp-content\/uploads\/2024\/10\/instituto-mahle-2024-novalis-1.webp\",\"width\":1600,\"height\":901},{\"@type\":\"BreadcrumbList\",\"@id\":\"https:\/\/institutomahle.org.br\/projetos\/grupo-jovem-de-euritmia-minerva-programa-artistico-momentum\/#breadcrumb\",\"itemListElement\":[{\"@type\":\"ListItem\",\"position\":1,\"name\":\"In\u00edcio\",\"item\":\"https:\/\/institutomahle.org.br\/\"},{\"@type\":\"ListItem\",\"position\":2,\"name\":\"JUNGE EURHYTHMIE-GRUPPE MINERVA &#8211; K\u00dcNSTLERISCHES PROGRAMM: MOMENTUM\"}]},{\"@type\":\"WebSite\",\"@id\":\"https:\/\/institutomahle.org.br\/#website\",\"url\":\"https:\/\/institutomahle.org.br\/\",\"name\":\"Instituto Mahle\",\"description\":\"\",\"publisher\":{\"@id\":\"https:\/\/institutomahle.org.br\/#organization\"},\"potentialAction\":[{\"@type\":\"SearchAction\",\"target\":{\"@type\":\"EntryPoint\",\"urlTemplate\":\"https:\/\/institutomahle.org.br\/?s={search_term_string}\"},\"query-input\":{\"@type\":\"PropertyValueSpecification\",\"valueRequired\":true,\"valueName\":\"search_term_string\"}}],\"inLanguage\":\"de\"},{\"@type\":\"Organization\",\"@id\":\"https:\/\/institutomahle.org.br\/#organization\",\"name\":\"Instituto Mahle\",\"url\":\"https:\/\/institutomahle.org.br\/\",\"logo\":{\"@type\":\"ImageObject\",\"inLanguage\":\"de\",\"@id\":\"https:\/\/institutomahle.org.br\/#\/schema\/logo\/image\/\",\"url\":\"https:\/\/institutomahle.org.br\/wp-content\/uploads\/2022\/03\/instituto-mahle-logo-100x100-1.png\",\"contentUrl\":\"https:\/\/institutomahle.org.br\/wp-content\/uploads\/2022\/03\/instituto-mahle-logo-100x100-1.png\",\"width\":100,\"height\":99,\"caption\":\"Instituto Mahle\"},\"image\":{\"@id\":\"https:\/\/institutomahle.org.br\/#\/schema\/logo\/image\/\"}},{\"@type\":\"Person\",\"@id\":\"https:\/\/institutomahle.org.br\/#\/schema\/person\/6b4616d30f1d7c9f16bbf6b5bb97a824\",\"name\":\"mmo.digital\",\"image\":{\"@type\":\"ImageObject\",\"inLanguage\":\"de\",\"@id\":\"https:\/\/institutomahle.org.br\/#\/schema\/person\/image\/\",\"url\":\"https:\/\/secure.gravatar.com\/avatar\/d4e415109cd3d2466f2128a9d564d07db1320b20b0ebb5dc4efa8579059e07cb?s=96&d=mm&r=g\",\"contentUrl\":\"https:\/\/secure.gravatar.com\/avatar\/d4e415109cd3d2466f2128a9d564d07db1320b20b0ebb5dc4efa8579059e07cb?s=96&d=mm&r=g\",\"caption\":\"mmo.digital\"},\"sameAs\":[\"https:\/\/institutomahle.org.br\"],\"url\":\"https:\/\/institutomahle.org.br\/de\/author\/mmo-digital\/\"}]}<\/script>\n<!-- \/ Yoast SEO plugin. -->","yoast_head_json":{"title":"JUNGE EURHYTHMIE-GRUPPE MINERVA - K\u00dcNSTLERISCHES PROGRAMM: MOMENTUM - Instituto Mahle","robots":{"index":"index","follow":"follow","max-snippet":"max-snippet:-1","max-image-preview":"max-image-preview:large","max-video-preview":"max-video-preview:-1"},"canonical":"https:\/\/institutomahle.org.br\/projetos\/grupo-jovem-de-euritmia-minerva-programa-artistico-momentum\/","og_locale":"de_DE","og_type":"article","og_title":"JUNGE EURHYTHMIE-GRUPPE MINERVA - K\u00dcNSTLERISCHES PROGRAMM: MOMENTUM - Instituto Mahle","og_description":"JUNGE EURHYTHMIE-GRUPPE MINERVA &#8211; K\u00dcNSTLERISCHES PROGRAMM: MOMENTUM projekt JUNGE EURHYTHMIE-GRUPPE MINERVA &#8211; K\u00dcNSTLERISCHES PROGRAMM: MOMENTUM ANTRAGSTELLENDE INSTITUTION ASSOCIA\u00c7\u00c3O PEDAG\u00d3GICA NOVALIS Eurhythmie als k\u00fcnstlerische und berufliche M\u00f6glichkeit BESUCHEN SIE DIE WEBSITE BEREICH KUNST UND KULTUR REGION PIRACICABA &#8211; SP UNTERST\u00dcTZUNGSJAHR 2023 Die Herausforderung Seit 2018 hat die Novalis-Schule ihre Oberstufe eingef\u00fchrt, wobei viele der Jugendlichen aus [&hellip;]","og_url":"https:\/\/institutomahle.org.br\/projetos\/grupo-jovem-de-euritmia-minerva-programa-artistico-momentum\/","og_site_name":"Instituto Mahle","article_published_time":"2024-11-05T21:54:26+00:00","article_modified_time":"2024-11-05T21:54:27+00:00","og_image":[{"width":1600,"height":901,"url":"https:\/\/institutomahle.org.br\/wp-content\/uploads\/2024\/10\/instituto-mahle-2024-novalis-1.webp","type":"image\/webp"}],"author":"mmo.digital","twitter_card":"summary_large_image","twitter_misc":{"Verfasst von":"mmo.digital","Gesch\u00e4tzte Lesezeit":"2\u00a0Minuten"},"schema":{"@context":"https:\/\/schema.org","@graph":[{"@type":"Article","@id":"https:\/\/institutomahle.org.br\/projetos\/grupo-jovem-de-euritmia-minerva-programa-artistico-momentum\/#article","isPartOf":{"@id":"https:\/\/institutomahle.org.br\/projetos\/grupo-jovem-de-euritmia-minerva-programa-artistico-momentum\/"},"author":{"name":"mmo.digital","@id":"https:\/\/institutomahle.org.br\/#\/schema\/person\/6b4616d30f1d7c9f16bbf6b5bb97a824"},"headline":"JUNGE EURHYTHMIE-GRUPPE MINERVA &#8211; K\u00dcNSTLERISCHES PROGRAMM: MOMENTUM","datePublished":"2024-11-05T21:54:26+00:00","dateModified":"2024-11-05T21:54:27+00:00","mainEntityOfPage":{"@id":"https:\/\/institutomahle.org.br\/projetos\/grupo-jovem-de-euritmia-minerva-programa-artistico-momentum\/"},"wordCount":354,"publisher":{"@id":"https:\/\/institutomahle.org.br\/#organization"},"image":{"@id":"https:\/\/institutomahle.org.br\/projetos\/grupo-jovem-de-euritmia-minerva-programa-artistico-momentum\/#primaryimage"},"thumbnailUrl":"https:\/\/institutomahle.org.br\/wp-content\/uploads\/2024\/10\/instituto-mahle-2024-novalis-1.webp","articleSection":["Kunst und Kultur","Projekte"],"inLanguage":"de"},{"@type":"WebPage","@id":"https:\/\/institutomahle.org.br\/projetos\/grupo-jovem-de-euritmia-minerva-programa-artistico-momentum\/","url":"https:\/\/institutomahle.org.br\/projetos\/grupo-jovem-de-euritmia-minerva-programa-artistico-momentum\/","name":"JUNGE EURHYTHMIE-GRUPPE MINERVA - K\u00dcNSTLERISCHES PROGRAMM: MOMENTUM - Instituto Mahle","isPartOf":{"@id":"https:\/\/institutomahle.org.br\/#website"},"primaryImageOfPage":{"@id":"https:\/\/institutomahle.org.br\/projetos\/grupo-jovem-de-euritmia-minerva-programa-artistico-momentum\/#primaryimage"},"image":{"@id":"https:\/\/institutomahle.org.br\/projetos\/grupo-jovem-de-euritmia-minerva-programa-artistico-momentum\/#primaryimage"},"thumbnailUrl":"https:\/\/institutomahle.org.br\/wp-content\/uploads\/2024\/10\/instituto-mahle-2024-novalis-1.webp","datePublished":"2024-11-05T21:54:26+00:00","dateModified":"2024-11-05T21:54:27+00:00","breadcrumb":{"@id":"https:\/\/institutomahle.org.br\/projetos\/grupo-jovem-de-euritmia-minerva-programa-artistico-momentum\/#breadcrumb"},"inLanguage":"de","potentialAction":[{"@type":"ReadAction","target":["https:\/\/institutomahle.org.br\/projetos\/grupo-jovem-de-euritmia-minerva-programa-artistico-momentum\/"]}]},{"@type":"ImageObject","inLanguage":"de","@id":"https:\/\/institutomahle.org.br\/projetos\/grupo-jovem-de-euritmia-minerva-programa-artistico-momentum\/#primaryimage","url":"https:\/\/institutomahle.org.br\/wp-content\/uploads\/2024\/10\/instituto-mahle-2024-novalis-1.webp","contentUrl":"https:\/\/institutomahle.org.br\/wp-content\/uploads\/2024\/10\/instituto-mahle-2024-novalis-1.webp","width":1600,"height":901},{"@type":"BreadcrumbList","@id":"https:\/\/institutomahle.org.br\/projetos\/grupo-jovem-de-euritmia-minerva-programa-artistico-momentum\/#breadcrumb","itemListElement":[{"@type":"ListItem","position":1,"name":"In\u00edcio","item":"https:\/\/institutomahle.org.br\/"},{"@type":"ListItem","position":2,"name":"JUNGE EURHYTHMIE-GRUPPE MINERVA &#8211; K\u00dcNSTLERISCHES PROGRAMM: MOMENTUM"}]},{"@type":"WebSite","@id":"https:\/\/institutomahle.org.br\/#website","url":"https:\/\/institutomahle.org.br\/","name":"Instituto Mahle","description":"","publisher":{"@id":"https:\/\/institutomahle.org.br\/#organization"},"potentialAction":[{"@type":"SearchAction","target":{"@type":"EntryPoint","urlTemplate":"https:\/\/institutomahle.org.br\/?s={search_term_string}"},"query-input":{"@type":"PropertyValueSpecification","valueRequired":true,"valueName":"search_term_string"}}],"inLanguage":"de"},{"@type":"Organization","@id":"https:\/\/institutomahle.org.br\/#organization","name":"Instituto Mahle","url":"https:\/\/institutomahle.org.br\/","logo":{"@type":"ImageObject","inLanguage":"de","@id":"https:\/\/institutomahle.org.br\/#\/schema\/logo\/image\/","url":"https:\/\/institutomahle.org.br\/wp-content\/uploads\/2022\/03\/instituto-mahle-logo-100x100-1.png","contentUrl":"https:\/\/institutomahle.org.br\/wp-content\/uploads\/2022\/03\/instituto-mahle-logo-100x100-1.png","width":100,"height":99,"caption":"Instituto Mahle"},"image":{"@id":"https:\/\/institutomahle.org.br\/#\/schema\/logo\/image\/"}},{"@type":"Person","@id":"https:\/\/institutomahle.org.br\/#\/schema\/person\/6b4616d30f1d7c9f16bbf6b5bb97a824","name":"mmo.digital","image":{"@type":"ImageObject","inLanguage":"de","@id":"https:\/\/institutomahle.org.br\/#\/schema\/person\/image\/","url":"https:\/\/secure.gravatar.com\/avatar\/d4e415109cd3d2466f2128a9d564d07db1320b20b0ebb5dc4efa8579059e07cb?s=96&d=mm&r=g","contentUrl":"https:\/\/secure.gravatar.com\/avatar\/d4e415109cd3d2466f2128a9d564d07db1320b20b0ebb5dc4efa8579059e07cb?s=96&d=mm&r=g","caption":"mmo.digital"},"sameAs":["https:\/\/institutomahle.org.br"],"url":"https:\/\/institutomahle.org.br\/de\/author\/mmo-digital\/"}]}},"_links":{"self":[{"href":"https:\/\/institutomahle.org.br\/de\/wp-json\/wp\/v2\/posts\/5074","targetHints":{"allow":["GET"]}}],"collection":[{"href":"https:\/\/institutomahle.org.br\/de\/wp-json\/wp\/v2\/posts"}],"about":[{"href":"https:\/\/institutomahle.org.br\/de\/wp-json\/wp\/v2\/types\/post"}],"author":[{"embeddable":true,"href":"https:\/\/institutomahle.org.br\/de\/wp-json\/wp\/v2\/users\/1"}],"replies":[{"embeddable":true,"href":"https:\/\/institutomahle.org.br\/de\/wp-json\/wp\/v2\/comments?post=5074"}],"version-history":[{"count":1,"href":"https:\/\/institutomahle.org.br\/de\/wp-json\/wp\/v2\/posts\/5074\/revisions"}],"predecessor-version":[{"id":5076,"href":"https:\/\/institutomahle.org.br\/de\/wp-json\/wp\/v2\/posts\/5074\/revisions\/5076"}],"wp:featuredmedia":[{"embeddable":true,"href":"https:\/\/institutomahle.org.br\/de\/wp-json\/wp\/v2\/media\/5075"}],"wp:attachment":[{"href":"https:\/\/institutomahle.org.br\/de\/wp-json\/wp\/v2\/media?parent=5074"}],"wp:term":[{"taxonomy":"category","embeddable":true,"href":"https:\/\/institutomahle.org.br\/de\/wp-json\/wp\/v2\/categories?post=5074"},{"taxonomy":"post_tag","embeddable":true,"href":"https:\/\/institutomahle.org.br\/de\/wp-json\/wp\/v2\/tags?post=5074"}],"curies":[{"name":"wp","href":"https:\/\/api.w.org\/{rel}","templated":true}]}}