{"id":4725,"date":"2024-10-10T12:07:09","date_gmt":"2024-10-10T15:07:09","guid":{"rendered":"https:\/\/institutomahle.org.br\/?p=4725"},"modified":"2025-01-28T19:55:32","modified_gmt":"2025-01-28T22:55:32","slug":"therapeutic-education-and-social-therapy-in-the-northeast","status":"publish","type":"post","link":"https:\/\/institutomahle.org.br\/en\/projects\/therapeutic-education-and-social-therapy-in-the-northeast\/","title":{"rendered":"THERAPEUTIC EDUCATION AND SOCIAL THERAPY IN THE NORTHEAST"},"content":{"rendered":"\t\t<div data-elementor-type=\"wp-post\" data-elementor-id=\"4725\" class=\"elementor elementor-4725 elementor-4724\" data-elementor-post-type=\"post\">\n\t\t\t\t\t\t<section class=\"elementor-section elementor-top-section elementor-element elementor-element-52b144c elementor-section-height-min-height elementor-section-items-top elementor-section-boxed elementor-section-height-default\" data-id=\"52b144c\" data-element_type=\"section\" data-settings=\"{&quot;background_background&quot;:&quot;classic&quot;}\">\n\t\t\t\t\t\t<div class=\"elementor-container elementor-column-gap-default\">\n\t\t\t\t\t<div class=\"elementor-column elementor-col-100 elementor-top-column elementor-element elementor-element-6caa904\" data-id=\"6caa904\" data-element_type=\"column\" data-settings=\"{&quot;background_background&quot;:&quot;classic&quot;}\">\n\t\t\t<div class=\"elementor-widget-wrap elementor-element-populated\">\n\t\t\t\t\t\t<div class=\"elementor-element elementor-element-b94c266 elementor-widget elementor-widget-spacer\" data-id=\"b94c266\" data-element_type=\"widget\" data-settings=\"{&quot;ekit_we_effect_on&quot;:&quot;none&quot;}\" data-widget_type=\"spacer.default\">\n\t\t\t\t<div class=\"elementor-widget-container\">\n\t\t\t\t\t\t\t<div class=\"elementor-spacer\">\n\t\t\t<div class=\"elementor-spacer-inner\"><\/div>\n\t\t<\/div>\n\t\t\t\t\t\t<\/div>\n\t\t\t\t<\/div>\n\t\t\t\t\t<\/div>\n\t\t<\/div>\n\t\t\t\t\t<\/div>\n\t\t<\/section>\n\t\t\t\t<section class=\"elementor-section elementor-top-section elementor-element elementor-element-fe59feb elementor-section-boxed elementor-section-height-default elementor-section-height-default\" data-id=\"fe59feb\" data-element_type=\"section\">\n\t\t\t\t\t\t<div class=\"elementor-container elementor-column-gap-default\">\n\t\t\t\t\t<div class=\"elementor-column elementor-col-100 elementor-top-column elementor-element elementor-element-b54b751\" data-id=\"b54b751\" data-element_type=\"column\" data-settings=\"{&quot;background_background&quot;:&quot;classic&quot;}\">\n\t\t\t<div class=\"elementor-widget-wrap elementor-element-populated\">\n\t\t\t\t\t\t<div class=\"elementor-element elementor-element-003e849 elementor-widget elementor-widget-heading\" data-id=\"003e849\" data-element_type=\"widget\" data-settings=\"{&quot;ekit_we_effect_on&quot;:&quot;none&quot;}\" data-widget_type=\"heading.default\">\n\t\t\t\t<div class=\"elementor-widget-container\">\n\t\t\t\t\t<h2 class=\"elementor-heading-title elementor-size-xxl\">THERAPEUTIC EDUCATION AND SOCIAL THERAPY IN THE NORTHEAST<\/h2>\t\t\t\t<\/div>\n\t\t\t\t<\/div>\n\t\t\t\t\t<\/div>\n\t\t<\/div>\n\t\t\t\t\t<\/div>\n\t\t<\/section>\n\t\t\t\t<section class=\"elementor-section elementor-top-section elementor-element elementor-element-19ef3c23 elementor-section-boxed elementor-section-height-default elementor-section-height-default\" data-id=\"19ef3c23\" data-element_type=\"section\" data-settings=\"{&quot;background_background&quot;:&quot;classic&quot;}\">\n\t\t\t\t\t\t<div class=\"elementor-container elementor-column-gap-default\">\n\t\t\t\t\t<div class=\"elementor-column elementor-col-100 elementor-top-column elementor-element elementor-element-1c49871c\" data-id=\"1c49871c\" data-element_type=\"column\">\n\t\t\t<div class=\"elementor-widget-wrap elementor-element-populated\">\n\t\t\t\t\t\t<section class=\"elementor-section elementor-inner-section elementor-element elementor-element-41cc4efc elementor-section-boxed elementor-section-height-default elementor-section-height-default\" data-id=\"41cc4efc\" data-element_type=\"section\" data-settings=\"{&quot;background_background&quot;:&quot;classic&quot;}\">\n\t\t\t\t\t\t<div class=\"elementor-container elementor-column-gap-wider\">\n\t\t\t\t\t<div class=\"elementor-column elementor-col-50 elementor-inner-column elementor-element elementor-element-78bbbcc8\" data-id=\"78bbbcc8\" data-element_type=\"column\">\n\t\t\t<div class=\"elementor-widget-wrap elementor-element-populated\">\n\t\t\t\t\t\t<div class=\"elementor-element elementor-element-31fd0930 elementor-widget elementor-widget-heading\" data-id=\"31fd0930\" data-element_type=\"widget\" data-settings=\"{&quot;ekit_we_effect_on&quot;:&quot;none&quot;}\" data-widget_type=\"heading.default\">\n\t\t\t\t<div class=\"elementor-widget-container\">\n\t\t\t\t\t<h3 class=\"elementor-heading-title elementor-size-default\">project<\/h3>\t\t\t\t<\/div>\n\t\t\t\t<\/div>\n\t\t\t\t<div class=\"elementor-element elementor-element-13e97906 elementor-widget elementor-widget-text-editor\" data-id=\"13e97906\" data-element_type=\"widget\" data-settings=\"{&quot;ekit_we_effect_on&quot;:&quot;none&quot;}\" data-widget_type=\"text-editor.default\">\n\t\t\t\t<div class=\"elementor-widget-container\">\n\t\t\t\t\t\t\t\t\t<p>THERAPEUTIC EDUCATION AND SOCIAL THERAPY IN THE NORTHEAST<\/p>\n\t\t\t\t\t\t\t\t<\/div>\n\t\t\t\t<\/div>\n\t\t\t\t<div class=\"elementor-element elementor-element-757c45f elementor-widget elementor-widget-spacer\" data-id=\"757c45f\" data-element_type=\"widget\" data-settings=\"{&quot;ekit_we_effect_on&quot;:&quot;none&quot;}\" data-widget_type=\"spacer.default\">\n\t\t\t\t<div class=\"elementor-widget-container\">\n\t\t\t\t\t\t\t<div class=\"elementor-spacer\">\n\t\t\t<div class=\"elementor-spacer-inner\"><\/div>\n\t\t<\/div>\n\t\t\t\t\t\t<\/div>\n\t\t\t\t<\/div>\n\t\t\t\t<div class=\"elementor-element elementor-element-2407e76c elementor-widget elementor-widget-heading\" data-id=\"2407e76c\" data-element_type=\"widget\" data-settings=\"{&quot;ekit_we_effect_on&quot;:&quot;none&quot;}\" data-widget_type=\"heading.default\">\n\t\t\t\t<div class=\"elementor-widget-container\">\n\t\t\t\t\t<h3 class=\"elementor-heading-title elementor-size-default\">PROPOSING INSTITUTION<\/h3>\t\t\t\t<\/div>\n\t\t\t\t<\/div>\n\t\t\t\t<div class=\"elementor-element elementor-element-56b6c3eb elementor-widget elementor-widget-text-editor\" data-id=\"56b6c3eb\" data-element_type=\"widget\" data-settings=\"{&quot;ekit_we_effect_on&quot;:&quot;none&quot;}\" data-widget_type=\"text-editor.default\">\n\t\t\t\t<div class=\"elementor-widget-container\">\n\t\t\t\t\t\t\t\t\t<p>ASSOCIA\u00c7\u00c3O PEDAG\u00d3GICA WALDORF DO RECIFE<\/p>\n\t\t\t\t\t\t\t\t<\/div>\n\t\t\t\t<\/div>\n\t\t\t\t<div class=\"elementor-element elementor-element-aba93e2 elementor-widget elementor-widget-spacer\" data-id=\"aba93e2\" data-element_type=\"widget\" data-settings=\"{&quot;ekit_we_effect_on&quot;:&quot;none&quot;}\" data-widget_type=\"spacer.default\">\n\t\t\t\t<div class=\"elementor-widget-container\">\n\t\t\t\t\t\t\t<div class=\"elementor-spacer\">\n\t\t\t<div class=\"elementor-spacer-inner\"><\/div>\n\t\t<\/div>\n\t\t\t\t\t\t<\/div>\n\t\t\t\t<\/div>\n\t\t\t\t<div class=\"elementor-element elementor-element-e12415b elementor-widget elementor-widget-text-editor\" data-id=\"e12415b\" data-element_type=\"widget\" data-settings=\"{&quot;ekit_we_effect_on&quot;:&quot;none&quot;}\" data-widget_type=\"text-editor.default\">\n\t\t\t\t<div class=\"elementor-widget-container\">\n\t\t\t\t\t\t\t\t\t<p>New Therapeutic Training in the Northeast<\/p>\n\t\t\t\t\t\t\t\t<\/div>\n\t\t\t\t<\/div>\n\t\t\t\t<div class=\"elementor-element elementor-element-7d95176b elementor-widget elementor-widget-spacer\" data-id=\"7d95176b\" data-element_type=\"widget\" data-settings=\"{&quot;ekit_we_effect_on&quot;:&quot;none&quot;}\" data-widget_type=\"spacer.default\">\n\t\t\t\t<div class=\"elementor-widget-container\">\n\t\t\t\t\t\t\t<div class=\"elementor-spacer\">\n\t\t\t<div class=\"elementor-spacer-inner\"><\/div>\n\t\t<\/div>\n\t\t\t\t\t\t<\/div>\n\t\t\t\t<\/div>\n\t\t\t\t<div class=\"elementor-element elementor-element-11d44ea elementor-widget elementor-widget-button\" data-id=\"11d44ea\" data-element_type=\"widget\" data-settings=\"{&quot;ekit_we_effect_on&quot;:&quot;none&quot;}\" data-widget_type=\"button.default\">\n\t\t\t\t<div class=\"elementor-widget-container\">\n\t\t\t\t\t\t\t\t\t<div class=\"elementor-button-wrapper\">\n\t\t\t\t\t<a class=\"elementor-button elementor-button-link elementor-size-xs\" href=\"https:\/\/www.instagram.com\/escolawaldorfrecife\" target=\"_blank\">\n\t\t\t\t\t\t<span class=\"elementor-button-content-wrapper\">\n\t\t\t\t\t\t\t\t\t<span class=\"elementor-button-text\">VISIT THE WEBSITE<\/span>\n\t\t\t\t\t<\/span>\n\t\t\t\t\t<\/a>\n\t\t\t\t<\/div>\n\t\t\t\t\t\t\t\t<\/div>\n\t\t\t\t<\/div>\n\t\t\t\t<div class=\"elementor-element elementor-element-0cf27df elementor-widget elementor-widget-spacer\" data-id=\"0cf27df\" data-element_type=\"widget\" data-settings=\"{&quot;ekit_we_effect_on&quot;:&quot;none&quot;}\" data-widget_type=\"spacer.default\">\n\t\t\t\t<div class=\"elementor-widget-container\">\n\t\t\t\t\t\t\t<div class=\"elementor-spacer\">\n\t\t\t<div class=\"elementor-spacer-inner\"><\/div>\n\t\t<\/div>\n\t\t\t\t\t\t<\/div>\n\t\t\t\t<\/div>\n\t\t\t\t<div class=\"elementor-element elementor-element-4a8fc870 elementor-widget elementor-widget-spacer\" data-id=\"4a8fc870\" data-element_type=\"widget\" data-settings=\"{&quot;ekit_we_effect_on&quot;:&quot;none&quot;}\" data-widget_type=\"spacer.default\">\n\t\t\t\t<div class=\"elementor-widget-container\">\n\t\t\t\t\t\t\t<div class=\"elementor-spacer\">\n\t\t\t<div class=\"elementor-spacer-inner\"><\/div>\n\t\t<\/div>\n\t\t\t\t\t\t<\/div>\n\t\t\t\t<\/div>\n\t\t\t\t<div class=\"elementor-element elementor-element-69f21c64 elementor-widget elementor-widget-heading\" data-id=\"69f21c64\" data-element_type=\"widget\" data-settings=\"{&quot;ekit_we_effect_on&quot;:&quot;none&quot;}\" data-widget_type=\"heading.default\">\n\t\t\t\t<div class=\"elementor-widget-container\">\n\t\t\t\t\t<h3 class=\"elementor-heading-title elementor-size-default\">AREA<\/h3>\t\t\t\t<\/div>\n\t\t\t\t<\/div>\n\t\t\t\t<div class=\"elementor-element elementor-element-19bd3af elementor-widget elementor-widget-text-editor\" data-id=\"19bd3af\" data-element_type=\"widget\" data-settings=\"{&quot;ekit_we_effect_on&quot;:&quot;none&quot;}\" data-widget_type=\"text-editor.default\">\n\t\t\t\t<div class=\"elementor-widget-container\">\n\t\t\t\t\t\t\t\t\t<p>HEALTH<\/p>\n\t\t\t\t\t\t\t\t<\/div>\n\t\t\t\t<\/div>\n\t\t\t\t<div class=\"elementor-element elementor-element-7694864 elementor-widget elementor-widget-heading\" data-id=\"7694864\" data-element_type=\"widget\" data-settings=\"{&quot;ekit_we_effect_on&quot;:&quot;none&quot;}\" data-widget_type=\"heading.default\">\n\t\t\t\t<div class=\"elementor-widget-container\">\n\t\t\t\t\t<h3 class=\"elementor-heading-title elementor-size-default\">REGION<\/h3>\t\t\t\t<\/div>\n\t\t\t\t<\/div>\n\t\t\t\t<div class=\"elementor-element elementor-element-b790120 elementor-widget elementor-widget-text-editor\" data-id=\"b790120\" data-element_type=\"widget\" data-settings=\"{&quot;ekit_we_effect_on&quot;:&quot;none&quot;}\" data-widget_type=\"text-editor.default\">\n\t\t\t\t<div class=\"elementor-widget-container\">\n\t\t\t\t\t\t\t\t\t<p>RECIFE &#8211; PE<\/p>\n\t\t\t\t\t\t\t\t<\/div>\n\t\t\t\t<\/div>\n\t\t\t\t<div class=\"elementor-element elementor-element-d053b7 elementor-widget elementor-widget-heading\" data-id=\"d053b7\" data-element_type=\"widget\" data-settings=\"{&quot;ekit_we_effect_on&quot;:&quot;none&quot;}\" data-widget_type=\"heading.default\">\n\t\t\t\t<div class=\"elementor-widget-container\">\n\t\t\t\t\t<h3 class=\"elementor-heading-title elementor-size-default\">YEAR OF SUPPORT<\/h3>\t\t\t\t<\/div>\n\t\t\t\t<\/div>\n\t\t\t\t<div class=\"elementor-element elementor-element-47260ff elementor-widget elementor-widget-text-editor\" data-id=\"47260ff\" data-element_type=\"widget\" data-settings=\"{&quot;ekit_we_effect_on&quot;:&quot;none&quot;}\" data-widget_type=\"text-editor.default\">\n\t\t\t\t<div class=\"elementor-widget-container\">\n\t\t\t\t\t\t\t\t\t<p>2022\/2023\/2024<\/p>\n\t\t\t\t\t\t\t\t<\/div>\n\t\t\t\t<\/div>\n\t\t\t\t\t<\/div>\n\t\t<\/div>\n\t\t\t\t<div class=\"elementor-column elementor-col-50 elementor-inner-column elementor-element elementor-element-76e8981b\" data-id=\"76e8981b\" data-element_type=\"column\">\n\t\t\t<div class=\"elementor-widget-wrap elementor-element-populated\">\n\t\t\t\t\t\t<div class=\"elementor-element elementor-element-3eba787e elementor-widget elementor-widget-heading\" data-id=\"3eba787e\" data-element_type=\"widget\" data-settings=\"{&quot;ekit_we_effect_on&quot;:&quot;none&quot;}\" data-widget_type=\"heading.default\">\n\t\t\t\t<div class=\"elementor-widget-container\">\n\t\t\t\t\t<h3 class=\"elementor-heading-title elementor-size-default\">The Challenge<\/h3>\t\t\t\t<\/div>\n\t\t\t\t<\/div>\n\t\t\t\t<div class=\"elementor-element elementor-element-3e3ecddf elementor-widget elementor-widget-text-editor\" data-id=\"3e3ecddf\" data-element_type=\"widget\" data-settings=\"{&quot;ekit_we_effect_on&quot;:&quot;none&quot;}\" data-widget_type=\"text-editor.default\">\n\t\t\t\t<div class=\"elementor-widget-container\">\n\t\t\t\t\t\t\t\t\t<p>There was no training course in Therapeutic Education and Social Therapy in the North and Northeast regions of Brazil. For professionals wanting to train in this area, the closest location was S\u00e3o Paulo. However, considering the social realities of the North and Northeast, covering tuition, airfare, and accommodation costs to travel to the Southeast or South represented a barrier for many professionals seeking this vital training, especially as Waldorf schools are increasingly sought after by families of children and young people with disabilities and learning difficulties.  <\/p>\n\t\t\t\t\t\t\t\t<\/div>\n\t\t\t\t<\/div>\n\t\t\t\t<div class=\"elementor-element elementor-element-345ed409 elementor-widget elementor-widget-heading\" data-id=\"345ed409\" data-element_type=\"widget\" data-settings=\"{&quot;ekit_we_effect_on&quot;:&quot;none&quot;}\" data-widget_type=\"heading.default\">\n\t\t\t\t<div class=\"elementor-widget-container\">\n\t\t\t\t\t<h3 class=\"elementor-heading-title elementor-size-default\">The Project<\/h3>\t\t\t\t<\/div>\n\t\t\t\t<\/div>\n\t\t\t\t<div class=\"elementor-element elementor-element-2b3a2e16 elementor-widget elementor-widget-text-editor\" data-id=\"2b3a2e16\" data-element_type=\"widget\" data-settings=\"{&quot;ekit_we_effect_on&quot;:&quot;none&quot;}\" data-widget_type=\"text-editor.default\">\n\t\t\t\t<div class=\"elementor-widget-container\">\n\t\t\t\t\t\t\t\t\t<p>To address the lack of professionals in this field, the 1st Course for Expanding Knowledge in Therapeutic Education and Social Therapy in the Northeast began in mid-2022. Scheduled to conclude in 2024, the program will enable health and education professionals to enhance their knowledge and provide therapeutic support and social therapy to individuals with disabilities and\/or learning difficulties in the region. The course is held at the Escola Waldorf Rural Turmalina, a partner of the project.  <\/p>\n\t\t\t\t\t\t\t\t<\/div>\n\t\t\t\t<\/div>\n\t\t\t\t<div class=\"elementor-element elementor-element-1ccff9f3 elementor-widget elementor-widget-heading\" data-id=\"1ccff9f3\" data-element_type=\"widget\" data-settings=\"{&quot;ekit_we_effect_on&quot;:&quot;none&quot;}\" data-widget_type=\"heading.default\">\n\t\t\t\t<div class=\"elementor-widget-container\">\n\t\t\t\t\t<h3 class=\"elementor-heading-title elementor-size-default\">The Impact<\/h3>\t\t\t\t<\/div>\n\t\t\t\t<\/div>\n\t\t\t\t<div class=\"elementor-element elementor-element-31bfdc6b elementor-widget elementor-widget-text-editor\" data-id=\"31bfdc6b\" data-element_type=\"widget\" data-settings=\"{&quot;ekit_we_effect_on&quot;:&quot;none&quot;}\" data-widget_type=\"text-editor.default\">\n\t\t\t\t<div class=\"elementor-widget-container\">\n\t\t\t\t\t\t\t\t\t<ul>\n<li>Training of qualified professionals to work with children and young people with disabilities and learning difficulties<\/li>\n<li>Access for individuals with disabilities in the North and Northeast to services tailored to their needs<\/li>\n<li>Creation of a network of professionals to support individuals with disabilities through an expanded anthroposophical perspective<\/li>\n<li>Encouragement of initiatives such as schools or institutions focused on this type of care<\/li>\n<\/ul>\n\t\t\t\t\t\t\t\t<\/div>\n\t\t\t\t<\/div>\n\t\t\t\t<div class=\"elementor-element elementor-element-aa16252 elementor-widget elementor-widget-heading\" data-id=\"aa16252\" data-element_type=\"widget\" data-settings=\"{&quot;ekit_we_effect_on&quot;:&quot;none&quot;}\" data-widget_type=\"heading.default\">\n\t\t\t\t<div class=\"elementor-widget-container\">\n\t\t\t\t\t<h3 class=\"elementor-heading-title elementor-size-default\">Image Gallery<\/h3>\t\t\t\t<\/div>\n\t\t\t\t<\/div>\n\t\t\t\t<div class=\"elementor-element elementor-element-2f8741e elementor-widget elementor-widget-text-editor\" data-id=\"2f8741e\" data-element_type=\"widget\" data-settings=\"{&quot;ekit_we_effect_on&quot;:&quot;none&quot;}\" data-widget_type=\"text-editor.default\">\n\t\t\t\t<div class=\"elementor-widget-container\">\n\t\t\t\t\t\t\t\t\t<p>CLICK ON THE PHOTOS TO ENLARGE<\/p>\n\t\t\t\t\t\t\t\t<\/div>\n\t\t\t\t<\/div>\n\t\t\t\t<div class=\"elementor-element elementor-element-423736f elementor-widget elementor-widget-qi_addons_for_elementor_image_gallery\" data-id=\"423736f\" data-element_type=\"widget\" data-settings=\"{&quot;ekit_we_effect_on&quot;:&quot;none&quot;}\" data-widget_type=\"qi_addons_for_elementor_image_gallery.default\">\n\t\t\t\t<div class=\"elementor-widget-container\">\n\t\t\t\t\t<div class=\"qodef-shortcode qodef-m qodef-qi-image-gallery qodef-qi-fslightbox-popup qodef-popup-gallery qodef-image--hover-zoom qodef-qi-grid qodef-layout--qi-columns qodef-col-num--5 qodef-responsive--custom qodef-col-num--1680--3 qodef-col-num--1440--5 qodef-col-num--1366--5 qodef-col-num--1024--5 qodef-col-num--768--5 qodef-col-num--680--5 qodef-col-num--480--5\">\n\t<div class=\"qodef-grid-inner\">\n\t\t<div class=\"qodef-e qodef-image-wrapper qodef-grid-item\">\n\t<div class=\"qodef-e-inner\">\n\t\t\t\t\t<a class=\"qodef-popup-item\" itemprop=\"image\" href=\"https:\/\/institutomahle.org.br\/wp-content\/uploads\/2024\/10\/instituto-mahle-2024-apwr-1.webp\" data-type=\"image\" data-fslightbox=\"gallery-397\">\n\t\t\t\t\t<img decoding=\"async\" width=\"150\" height=\"150\" src=\"https:\/\/institutomahle.org.br\/wp-content\/uploads\/2024\/10\/instituto-mahle-2024-apwr-1-150x150.webp\" class=\"attachment-thumbnail size-thumbnail\" alt=\"\" srcset=\"https:\/\/institutomahle.org.br\/wp-content\/uploads\/2024\/10\/instituto-mahle-2024-apwr-1-150x150.webp 150w, https:\/\/institutomahle.org.br\/wp-content\/uploads\/2024\/10\/instituto-mahle-2024-apwr-1-500x500.webp 500w\" sizes=\"(max-width: 150px) 100vw, 150px\" \/>\t\t\t\t\t<\/a>\n\t\t\t<\/div>\n<\/div>\n<div class=\"qodef-e qodef-image-wrapper qodef-grid-item\">\n\t<div class=\"qodef-e-inner\">\n\t\t\t\t\t<a class=\"qodef-popup-item\" itemprop=\"image\" href=\"https:\/\/institutomahle.org.br\/wp-content\/uploads\/2024\/10\/instituto-mahle-2024-apwr-3.webp\" data-type=\"image\" data-fslightbox=\"gallery-397\">\n\t\t\t\t\t<img decoding=\"async\" width=\"150\" height=\"150\" src=\"https:\/\/institutomahle.org.br\/wp-content\/uploads\/2024\/10\/instituto-mahle-2024-apwr-3-150x150.webp\" class=\"attachment-thumbnail size-thumbnail\" alt=\"\" srcset=\"https:\/\/institutomahle.org.br\/wp-content\/uploads\/2024\/10\/instituto-mahle-2024-apwr-3-150x150.webp 150w, https:\/\/institutomahle.org.br\/wp-content\/uploads\/2024\/10\/instituto-mahle-2024-apwr-3-570x570.webp 570w, https:\/\/institutomahle.org.br\/wp-content\/uploads\/2024\/10\/instituto-mahle-2024-apwr-3-500x500.webp 500w, https:\/\/institutomahle.org.br\/wp-content\/uploads\/2024\/10\/instituto-mahle-2024-apwr-3-650x650.webp 650w\" sizes=\"(max-width: 150px) 100vw, 150px\" \/>\t\t\t\t\t<\/a>\n\t\t\t<\/div>\n<\/div>\n<div class=\"qodef-e qodef-image-wrapper qodef-grid-item\">\n\t<div class=\"qodef-e-inner\">\n\t\t\t\t\t<a class=\"qodef-popup-item\" itemprop=\"image\" href=\"https:\/\/institutomahle.org.br\/wp-content\/uploads\/2024\/10\/instituto-mahle-2024-apwr-4.webp\" data-type=\"image\" data-fslightbox=\"gallery-397\">\n\t\t\t\t\t<img decoding=\"async\" width=\"150\" height=\"150\" src=\"https:\/\/institutomahle.org.br\/wp-content\/uploads\/2024\/10\/instituto-mahle-2024-apwr-4-150x150.webp\" class=\"attachment-thumbnail size-thumbnail\" alt=\"\" srcset=\"https:\/\/institutomahle.org.br\/wp-content\/uploads\/2024\/10\/instituto-mahle-2024-apwr-4-150x150.webp 150w, https:\/\/institutomahle.org.br\/wp-content\/uploads\/2024\/10\/instituto-mahle-2024-apwr-4-570x570.webp 570w, https:\/\/institutomahle.org.br\/wp-content\/uploads\/2024\/10\/instituto-mahle-2024-apwr-4-500x500.webp 500w\" sizes=\"(max-width: 150px) 100vw, 150px\" \/>\t\t\t\t\t<\/a>\n\t\t\t<\/div>\n<\/div>\n<div class=\"qodef-e qodef-image-wrapper qodef-grid-item\">\n\t<div class=\"qodef-e-inner\">\n\t\t\t\t\t<a class=\"qodef-popup-item\" itemprop=\"image\" href=\"https:\/\/institutomahle.org.br\/wp-content\/uploads\/2024\/10\/instituto-mahle-2024-apwr-5.webp\" data-type=\"image\" data-fslightbox=\"gallery-397\">\n\t\t\t\t\t<img loading=\"lazy\" decoding=\"async\" width=\"150\" height=\"150\" src=\"https:\/\/institutomahle.org.br\/wp-content\/uploads\/2024\/10\/instituto-mahle-2024-apwr-5-150x150.webp\" class=\"attachment-thumbnail size-thumbnail\" alt=\"\" srcset=\"https:\/\/institutomahle.org.br\/wp-content\/uploads\/2024\/10\/instituto-mahle-2024-apwr-5-150x150.webp 150w, https:\/\/institutomahle.org.br\/wp-content\/uploads\/2024\/10\/instituto-mahle-2024-apwr-5-570x570.webp 570w, https:\/\/institutomahle.org.br\/wp-content\/uploads\/2024\/10\/instituto-mahle-2024-apwr-5-500x500.webp 500w, https:\/\/institutomahle.org.br\/wp-content\/uploads\/2024\/10\/instituto-mahle-2024-apwr-5-650x650.webp 650w\" sizes=\"(max-width: 150px) 100vw, 150px\" \/>\t\t\t\t\t<\/a>\n\t\t\t<\/div>\n<\/div>\n<div class=\"qodef-e qodef-image-wrapper qodef-grid-item\">\n\t<div class=\"qodef-e-inner\">\n\t\t\t\t\t<a class=\"qodef-popup-item\" itemprop=\"image\" href=\"https:\/\/institutomahle.org.br\/wp-content\/uploads\/2024\/10\/instituto-mahle-2024-apwr-6.webp\" data-type=\"image\" data-fslightbox=\"gallery-397\">\n\t\t\t\t\t<img loading=\"lazy\" decoding=\"async\" width=\"150\" height=\"150\" src=\"https:\/\/institutomahle.org.br\/wp-content\/uploads\/2024\/10\/instituto-mahle-2024-apwr-6-150x150.webp\" class=\"attachment-thumbnail size-thumbnail\" alt=\"\" srcset=\"https:\/\/institutomahle.org.br\/wp-content\/uploads\/2024\/10\/instituto-mahle-2024-apwr-6-150x150.webp 150w, https:\/\/institutomahle.org.br\/wp-content\/uploads\/2024\/10\/instituto-mahle-2024-apwr-6-570x570.webp 570w, https:\/\/institutomahle.org.br\/wp-content\/uploads\/2024\/10\/instituto-mahle-2024-apwr-6-500x500.webp 500w, https:\/\/institutomahle.org.br\/wp-content\/uploads\/2024\/10\/instituto-mahle-2024-apwr-6-650x650.webp 650w\" sizes=\"(max-width: 150px) 100vw, 150px\" \/>\t\t\t\t\t<\/a>\n\t\t\t<\/div>\n<\/div>\n\t<\/div>\n<\/div>\n\t\t\t\t<\/div>\n\t\t\t\t<\/div>\n\t\t\t\t\t<\/div>\n\t\t<\/div>\n\t\t\t\t\t<\/div>\n\t\t<\/section>\n\t\t\t\t<div class=\"elementor-element elementor-element-7ac40085 elementor-widget elementor-widget-spacer\" data-id=\"7ac40085\" data-element_type=\"widget\" data-settings=\"{&quot;ekit_we_effect_on&quot;:&quot;none&quot;}\" data-widget_type=\"spacer.default\">\n\t\t\t\t<div class=\"elementor-widget-container\">\n\t\t\t\t\t\t\t<div class=\"elementor-spacer\">\n\t\t\t<div class=\"elementor-spacer-inner\"><\/div>\n\t\t<\/div>\n\t\t\t\t\t\t<\/div>\n\t\t\t\t<\/div>\n\t\t\t\t\t<\/div>\n\t\t<\/div>\n\t\t\t\t\t<\/div>\n\t\t<\/section>\n\t\t\t\t<section class=\"elementor-section elementor-top-section elementor-element elementor-element-42ab8990 elementor-section-height-min-height elementor-section-items-top elementor-section-boxed elementor-section-height-default\" data-id=\"42ab8990\" data-element_type=\"section\" data-settings=\"{&quot;background_background&quot;:&quot;classic&quot;}\">\n\t\t\t\t\t\t<div class=\"elementor-container elementor-column-gap-default\">\n\t\t\t\t\t<div class=\"elementor-column elementor-col-100 elementor-top-column elementor-element elementor-element-34da23da\" data-id=\"34da23da\" data-element_type=\"column\">\n\t\t\t<div class=\"elementor-widget-wrap elementor-element-populated\">\n\t\t\t\t\t\t<div class=\"elementor-element elementor-element-54d17ed elementor-widget elementor-widget-heading\" data-id=\"54d17ed\" data-element_type=\"widget\" data-settings=\"{&quot;ekit_we_effect_on&quot;:&quot;none&quot;}\" data-widget_type=\"heading.default\">\n\t\t\t\t<div class=\"elementor-widget-container\">\n\t\t\t\t\t<h2 class=\"elementor-heading-title elementor-size-default\">OTHER PROJECTS IN HEALTH<\/h2>\t\t\t\t<\/div>\n\t\t\t\t<\/div>\n\t\t\t\t<div class=\"elementor-element elementor-element-bb17f04 elementor-widget elementor-widget-qi_addons_for_elementor_blog_slider\" data-id=\"bb17f04\" data-element_type=\"widget\" data-settings=\"{&quot;ekit_we_effect_on&quot;:&quot;none&quot;}\" data-widget_type=\"qi_addons_for_elementor_blog_slider.default\">\n\t\t\t\t<div class=\"elementor-widget-container\">\n\t\t\t\t\t<div class=\"qodef-shortcode qodef-m qodef-addons-blog-slider qodef-item-layout--boxed qodef-info-no-icons qodef-qi-grid qodef-qi-swiper-container qodef-item-layout--boxed qodef-navigation--outside qodef-navigation--hover-move\" data-options=\"{&quot;direction&quot;:&quot;horizontal&quot;,&quot;slidesPerView&quot;:&quot;3&quot;,&quot;spaceBetween&quot;:30,&quot;spaceBetweenTablet&quot;:30,&quot;spaceBetweenMobile&quot;:30,&quot;effect&quot;:&quot;&quot;,&quot;loop&quot;:false,&quot;autoplay&quot;:false,&quot;centeredSlides&quot;:false,&quot;speed&quot;:&quot;5000&quot;,&quot;speedAnimation&quot;:&quot;&quot;,&quot;outsideNavigation&quot;:&quot;yes&quot;,&quot;outsidePagination&quot;:&quot;no&quot;,&quot;unique&quot;:&quot;1&quot;,&quot;partialValue&quot;:0,&quot;disablePartialValue&quot;:&quot;&quot;,&quot;parallax&quot;:&quot;no&quot;}\">\n\t<div class=\"swiper-wrapper\">\n\t\t<p class=\"qodef-m-posts-not-found qodef-grid-item\">No posts were found for provided query parameters.<\/p>\n\t<\/div>\n\t<\/div>\n\t\t<div class=\"swiper-button-prev swiper-button-outside swiper-button-prev-1\"><svg class=\"qodef-swiper-arrow-left\" xmlns=\"http:\/\/www.w3.org\/2000\/svg\" x=\"0px\" y=\"0px\" viewBox=\"0 0 34.2 32.3\" xml:space=\"preserve\" style=\"stroke-width: 2;\"><line x1=\"0.5\" y1=\"16\" x2=\"33.5\" y2=\"16\"\/><line x1=\"0.3\" y1=\"16.5\" x2=\"16.2\" y2=\"0.7\"\/><line x1=\"0\" y1=\"15.4\" x2=\"16.2\" y2=\"31.6\"\/><\/svg><\/div>\n\t<div class=\"swiper-button-next swiper-button-outside swiper-button-next-1\"><svg class=\"qodef-swiper-arrow-right\" xmlns=\"http:\/\/www.w3.org\/2000\/svg\" x=\"0px\" y=\"0px\" viewBox=\"0 0 34.2 32.3\" xml:space=\"preserve\" style=\"stroke-width: 2;\"><line x1=\"0\" y1=\"16\" x2=\"33\" y2=\"16\"\/><line x1=\"17.3\" y1=\"0.7\" x2=\"33.2\" y2=\"16.5\"\/><line x1=\"17.3\" y1=\"31.6\" x2=\"33.5\" y2=\"15.4\"\/><\/svg><\/div>\n\t\t\t\t\t<\/div>\n\t\t\t\t<\/div>\n\t\t\t\t\t<\/div>\n\t\t<\/div>\n\t\t\t\t\t<\/div>\n\t\t<\/section>\n\t\t\t\t<\/div>\n\t\t","protected":false},"excerpt":{"rendered":"<p>THERAPEUTIC EDUCATION AND SOCIAL THERAPY IN THE NORTHEAST project THERAPEUTIC EDUCATION AND SOCIAL THERAPY IN THE NORTHEAST PROPOSING INSTITUTION ASSOCIA\u00c7\u00c3O PEDAG\u00d3GICA WALDORF DO RECIFE New Therapeutic Training in the Northeast VISIT THE WEBSITE AREA HEALTH REGION RECIFE &#8211; PE YEAR OF SUPPORT 2022\/2023\/2024 The Challenge There was no training course in Therapeutic Education and Social [&hellip;]<\/p>\n","protected":false},"author":1,"featured_media":4732,"comment_status":"closed","ping_status":"closed","sticky":false,"template":"elementor_header_footer","format":"standard","meta":{"footnotes":""},"categories":[39,34],"tags":[],"class_list":["post-4725","post","type-post","status-publish","format-standard","has-post-thumbnail","hentry","category-health","category-projects"],"yoast_head":"<!-- This site is optimized with the Yoast SEO plugin v26.5 - https:\/\/yoast.com\/wordpress\/plugins\/seo\/ -->\n<title>THERAPEUTIC EDUCATION AND SOCIAL THERAPY IN THE NORTHEAST - Instituto Mahle<\/title>\n<meta name=\"robots\" content=\"index, follow, max-snippet:-1, max-image-preview:large, max-video-preview:-1\" \/>\n<link rel=\"canonical\" href=\"https:\/\/institutomahle.org.br\/en\/projects\/therapeutic-education-and-social-therapy-in-the-northeast\/\" \/>\n<meta property=\"og:locale\" content=\"en_US\" \/>\n<meta property=\"og:type\" content=\"article\" \/>\n<meta property=\"og:title\" content=\"THERAPEUTIC EDUCATION AND SOCIAL THERAPY IN THE NORTHEAST - Instituto Mahle\" \/>\n<meta property=\"og:description\" content=\"THERAPEUTIC EDUCATION AND SOCIAL THERAPY IN THE NORTHEAST project THERAPEUTIC EDUCATION AND SOCIAL THERAPY IN THE NORTHEAST PROPOSING INSTITUTION ASSOCIA\u00c7\u00c3O PEDAG\u00d3GICA WALDORF DO RECIFE New Therapeutic Training in the Northeast VISIT THE WEBSITE AREA HEALTH REGION RECIFE &#8211; PE YEAR OF SUPPORT 2022\/2023\/2024 The Challenge There was no training course in Therapeutic Education and Social [&hellip;]\" \/>\n<meta property=\"og:url\" content=\"https:\/\/institutomahle.org.br\/en\/projects\/therapeutic-education-and-social-therapy-in-the-northeast\/\" \/>\n<meta property=\"og:site_name\" content=\"Instituto Mahle\" \/>\n<meta property=\"article:published_time\" content=\"2024-10-10T15:07:09+00:00\" \/>\n<meta property=\"article:modified_time\" content=\"2025-01-28T22:55:32+00:00\" \/>\n<meta property=\"og:image\" content=\"https:\/\/institutomahle.org.br\/wp-content\/uploads\/2024\/10\/instituto-mahle-2024-apwr-2.webp\" \/>\n\t<meta property=\"og:image:width\" content=\"1368\" \/>\n\t<meta property=\"og:image:height\" content=\"992\" \/>\n\t<meta property=\"og:image:type\" content=\"image\/webp\" \/>\n<meta name=\"author\" content=\"mmo.digital\" \/>\n<meta name=\"twitter:card\" content=\"summary_large_image\" \/>\n<meta name=\"twitter:label1\" content=\"Written by\" \/>\n\t<meta name=\"twitter:data1\" content=\"mmo.digital\" \/>\n\t<meta name=\"twitter:label2\" content=\"Est. reading time\" \/>\n\t<meta name=\"twitter:data2\" content=\"1 minute\" \/>\n<script type=\"application\/ld+json\" class=\"yoast-schema-graph\">{\"@context\":\"https:\/\/schema.org\",\"@graph\":[{\"@type\":\"Article\",\"@id\":\"https:\/\/institutomahle.org.br\/en\/projects\/therapeutic-education-and-social-therapy-in-the-northeast\/#article\",\"isPartOf\":{\"@id\":\"https:\/\/institutomahle.org.br\/en\/projects\/therapeutic-education-and-social-therapy-in-the-northeast\/\"},\"author\":{\"name\":\"mmo.digital\",\"@id\":\"https:\/\/institutomahle.org.br\/#\/schema\/person\/6b4616d30f1d7c9f16bbf6b5bb97a824\"},\"headline\":\"THERAPEUTIC EDUCATION AND SOCIAL THERAPY IN THE NORTHEAST\",\"datePublished\":\"2024-10-10T15:07:09+00:00\",\"dateModified\":\"2025-01-28T22:55:32+00:00\",\"mainEntityOfPage\":{\"@id\":\"https:\/\/institutomahle.org.br\/en\/projects\/therapeutic-education-and-social-therapy-in-the-northeast\/\"},\"wordCount\":303,\"publisher\":{\"@id\":\"https:\/\/institutomahle.org.br\/#organization\"},\"image\":{\"@id\":\"https:\/\/institutomahle.org.br\/en\/projects\/therapeutic-education-and-social-therapy-in-the-northeast\/#primaryimage\"},\"thumbnailUrl\":\"https:\/\/institutomahle.org.br\/wp-content\/uploads\/2024\/10\/instituto-mahle-2024-apwr-2.webp\",\"articleSection\":[\"Health\",\"Projects\"],\"inLanguage\":\"en-US\"},{\"@type\":\"WebPage\",\"@id\":\"https:\/\/institutomahle.org.br\/en\/projects\/therapeutic-education-and-social-therapy-in-the-northeast\/\",\"url\":\"https:\/\/institutomahle.org.br\/en\/projects\/therapeutic-education-and-social-therapy-in-the-northeast\/\",\"name\":\"THERAPEUTIC EDUCATION AND SOCIAL THERAPY IN THE NORTHEAST - Instituto Mahle\",\"isPartOf\":{\"@id\":\"https:\/\/institutomahle.org.br\/#website\"},\"primaryImageOfPage\":{\"@id\":\"https:\/\/institutomahle.org.br\/en\/projects\/therapeutic-education-and-social-therapy-in-the-northeast\/#primaryimage\"},\"image\":{\"@id\":\"https:\/\/institutomahle.org.br\/en\/projects\/therapeutic-education-and-social-therapy-in-the-northeast\/#primaryimage\"},\"thumbnailUrl\":\"https:\/\/institutomahle.org.br\/wp-content\/uploads\/2024\/10\/instituto-mahle-2024-apwr-2.webp\",\"datePublished\":\"2024-10-10T15:07:09+00:00\",\"dateModified\":\"2025-01-28T22:55:32+00:00\",\"breadcrumb\":{\"@id\":\"https:\/\/institutomahle.org.br\/en\/projects\/therapeutic-education-and-social-therapy-in-the-northeast\/#breadcrumb\"},\"inLanguage\":\"en-US\",\"potentialAction\":[{\"@type\":\"ReadAction\",\"target\":[\"https:\/\/institutomahle.org.br\/en\/projects\/therapeutic-education-and-social-therapy-in-the-northeast\/\"]}]},{\"@type\":\"ImageObject\",\"inLanguage\":\"en-US\",\"@id\":\"https:\/\/institutomahle.org.br\/en\/projects\/therapeutic-education-and-social-therapy-in-the-northeast\/#primaryimage\",\"url\":\"https:\/\/institutomahle.org.br\/wp-content\/uploads\/2024\/10\/instituto-mahle-2024-apwr-2.webp\",\"contentUrl\":\"https:\/\/institutomahle.org.br\/wp-content\/uploads\/2024\/10\/instituto-mahle-2024-apwr-2.webp\",\"width\":1368,\"height\":992},{\"@type\":\"BreadcrumbList\",\"@id\":\"https:\/\/institutomahle.org.br\/en\/projects\/therapeutic-education-and-social-therapy-in-the-northeast\/#breadcrumb\",\"itemListElement\":[{\"@type\":\"ListItem\",\"position\":1,\"name\":\"In\u00edcio\",\"item\":\"https:\/\/institutomahle.org.br\/\"},{\"@type\":\"ListItem\",\"position\":2,\"name\":\"THERAPEUTIC EDUCATION AND SOCIAL THERAPY IN THE NORTHEAST\"}]},{\"@type\":\"WebSite\",\"@id\":\"https:\/\/institutomahle.org.br\/#website\",\"url\":\"https:\/\/institutomahle.org.br\/\",\"name\":\"Instituto Mahle\",\"description\":\"\",\"publisher\":{\"@id\":\"https:\/\/institutomahle.org.br\/#organization\"},\"potentialAction\":[{\"@type\":\"SearchAction\",\"target\":{\"@type\":\"EntryPoint\",\"urlTemplate\":\"https:\/\/institutomahle.org.br\/?s={search_term_string}\"},\"query-input\":{\"@type\":\"PropertyValueSpecification\",\"valueRequired\":true,\"valueName\":\"search_term_string\"}}],\"inLanguage\":\"en-US\"},{\"@type\":\"Organization\",\"@id\":\"https:\/\/institutomahle.org.br\/#organization\",\"name\":\"Instituto Mahle\",\"url\":\"https:\/\/institutomahle.org.br\/\",\"logo\":{\"@type\":\"ImageObject\",\"inLanguage\":\"en-US\",\"@id\":\"https:\/\/institutomahle.org.br\/#\/schema\/logo\/image\/\",\"url\":\"https:\/\/institutomahle.org.br\/wp-content\/uploads\/2022\/03\/instituto-mahle-logo-100x100-1.png\",\"contentUrl\":\"https:\/\/institutomahle.org.br\/wp-content\/uploads\/2022\/03\/instituto-mahle-logo-100x100-1.png\",\"width\":100,\"height\":99,\"caption\":\"Instituto Mahle\"},\"image\":{\"@id\":\"https:\/\/institutomahle.org.br\/#\/schema\/logo\/image\/\"}},{\"@type\":\"Person\",\"@id\":\"https:\/\/institutomahle.org.br\/#\/schema\/person\/6b4616d30f1d7c9f16bbf6b5bb97a824\",\"name\":\"mmo.digital\",\"image\":{\"@type\":\"ImageObject\",\"inLanguage\":\"en-US\",\"@id\":\"https:\/\/institutomahle.org.br\/#\/schema\/person\/image\/\",\"url\":\"https:\/\/secure.gravatar.com\/avatar\/d4e415109cd3d2466f2128a9d564d07db1320b20b0ebb5dc4efa8579059e07cb?s=96&d=mm&r=g\",\"contentUrl\":\"https:\/\/secure.gravatar.com\/avatar\/d4e415109cd3d2466f2128a9d564d07db1320b20b0ebb5dc4efa8579059e07cb?s=96&d=mm&r=g\",\"caption\":\"mmo.digital\"},\"sameAs\":[\"https:\/\/institutomahle.org.br\"],\"url\":\"https:\/\/institutomahle.org.br\/en\/author\/mmo-digital\/\"}]}<\/script>\n<!-- \/ Yoast SEO plugin. -->","yoast_head_json":{"title":"THERAPEUTIC EDUCATION AND SOCIAL THERAPY IN THE NORTHEAST - Instituto Mahle","robots":{"index":"index","follow":"follow","max-snippet":"max-snippet:-1","max-image-preview":"max-image-preview:large","max-video-preview":"max-video-preview:-1"},"canonical":"https:\/\/institutomahle.org.br\/en\/projects\/therapeutic-education-and-social-therapy-in-the-northeast\/","og_locale":"en_US","og_type":"article","og_title":"THERAPEUTIC EDUCATION AND SOCIAL THERAPY IN THE NORTHEAST - Instituto Mahle","og_description":"THERAPEUTIC EDUCATION AND SOCIAL THERAPY IN THE NORTHEAST project THERAPEUTIC EDUCATION AND SOCIAL THERAPY IN THE NORTHEAST PROPOSING INSTITUTION ASSOCIA\u00c7\u00c3O PEDAG\u00d3GICA WALDORF DO RECIFE New Therapeutic Training in the Northeast VISIT THE WEBSITE AREA HEALTH REGION RECIFE &#8211; PE YEAR OF SUPPORT 2022\/2023\/2024 The Challenge There was no training course in Therapeutic Education and Social [&hellip;]","og_url":"https:\/\/institutomahle.org.br\/en\/projects\/therapeutic-education-and-social-therapy-in-the-northeast\/","og_site_name":"Instituto Mahle","article_published_time":"2024-10-10T15:07:09+00:00","article_modified_time":"2025-01-28T22:55:32+00:00","og_image":[{"width":1368,"height":992,"url":"https:\/\/institutomahle.org.br\/wp-content\/uploads\/2024\/10\/instituto-mahle-2024-apwr-2.webp","type":"image\/webp"}],"author":"mmo.digital","twitter_card":"summary_large_image","twitter_misc":{"Written by":"mmo.digital","Est. reading time":"1 minute"},"schema":{"@context":"https:\/\/schema.org","@graph":[{"@type":"Article","@id":"https:\/\/institutomahle.org.br\/en\/projects\/therapeutic-education-and-social-therapy-in-the-northeast\/#article","isPartOf":{"@id":"https:\/\/institutomahle.org.br\/en\/projects\/therapeutic-education-and-social-therapy-in-the-northeast\/"},"author":{"name":"mmo.digital","@id":"https:\/\/institutomahle.org.br\/#\/schema\/person\/6b4616d30f1d7c9f16bbf6b5bb97a824"},"headline":"THERAPEUTIC EDUCATION AND SOCIAL THERAPY IN THE NORTHEAST","datePublished":"2024-10-10T15:07:09+00:00","dateModified":"2025-01-28T22:55:32+00:00","mainEntityOfPage":{"@id":"https:\/\/institutomahle.org.br\/en\/projects\/therapeutic-education-and-social-therapy-in-the-northeast\/"},"wordCount":303,"publisher":{"@id":"https:\/\/institutomahle.org.br\/#organization"},"image":{"@id":"https:\/\/institutomahle.org.br\/en\/projects\/therapeutic-education-and-social-therapy-in-the-northeast\/#primaryimage"},"thumbnailUrl":"https:\/\/institutomahle.org.br\/wp-content\/uploads\/2024\/10\/instituto-mahle-2024-apwr-2.webp","articleSection":["Health","Projects"],"inLanguage":"en-US"},{"@type":"WebPage","@id":"https:\/\/institutomahle.org.br\/en\/projects\/therapeutic-education-and-social-therapy-in-the-northeast\/","url":"https:\/\/institutomahle.org.br\/en\/projects\/therapeutic-education-and-social-therapy-in-the-northeast\/","name":"THERAPEUTIC EDUCATION AND SOCIAL THERAPY IN THE NORTHEAST - Instituto Mahle","isPartOf":{"@id":"https:\/\/institutomahle.org.br\/#website"},"primaryImageOfPage":{"@id":"https:\/\/institutomahle.org.br\/en\/projects\/therapeutic-education-and-social-therapy-in-the-northeast\/#primaryimage"},"image":{"@id":"https:\/\/institutomahle.org.br\/en\/projects\/therapeutic-education-and-social-therapy-in-the-northeast\/#primaryimage"},"thumbnailUrl":"https:\/\/institutomahle.org.br\/wp-content\/uploads\/2024\/10\/instituto-mahle-2024-apwr-2.webp","datePublished":"2024-10-10T15:07:09+00:00","dateModified":"2025-01-28T22:55:32+00:00","breadcrumb":{"@id":"https:\/\/institutomahle.org.br\/en\/projects\/therapeutic-education-and-social-therapy-in-the-northeast\/#breadcrumb"},"inLanguage":"en-US","potentialAction":[{"@type":"ReadAction","target":["https:\/\/institutomahle.org.br\/en\/projects\/therapeutic-education-and-social-therapy-in-the-northeast\/"]}]},{"@type":"ImageObject","inLanguage":"en-US","@id":"https:\/\/institutomahle.org.br\/en\/projects\/therapeutic-education-and-social-therapy-in-the-northeast\/#primaryimage","url":"https:\/\/institutomahle.org.br\/wp-content\/uploads\/2024\/10\/instituto-mahle-2024-apwr-2.webp","contentUrl":"https:\/\/institutomahle.org.br\/wp-content\/uploads\/2024\/10\/instituto-mahle-2024-apwr-2.webp","width":1368,"height":992},{"@type":"BreadcrumbList","@id":"https:\/\/institutomahle.org.br\/en\/projects\/therapeutic-education-and-social-therapy-in-the-northeast\/#breadcrumb","itemListElement":[{"@type":"ListItem","position":1,"name":"In\u00edcio","item":"https:\/\/institutomahle.org.br\/"},{"@type":"ListItem","position":2,"name":"THERAPEUTIC EDUCATION AND SOCIAL THERAPY IN THE NORTHEAST"}]},{"@type":"WebSite","@id":"https:\/\/institutomahle.org.br\/#website","url":"https:\/\/institutomahle.org.br\/","name":"Instituto Mahle","description":"","publisher":{"@id":"https:\/\/institutomahle.org.br\/#organization"},"potentialAction":[{"@type":"SearchAction","target":{"@type":"EntryPoint","urlTemplate":"https:\/\/institutomahle.org.br\/?s={search_term_string}"},"query-input":{"@type":"PropertyValueSpecification","valueRequired":true,"valueName":"search_term_string"}}],"inLanguage":"en-US"},{"@type":"Organization","@id":"https:\/\/institutomahle.org.br\/#organization","name":"Instituto Mahle","url":"https:\/\/institutomahle.org.br\/","logo":{"@type":"ImageObject","inLanguage":"en-US","@id":"https:\/\/institutomahle.org.br\/#\/schema\/logo\/image\/","url":"https:\/\/institutomahle.org.br\/wp-content\/uploads\/2022\/03\/instituto-mahle-logo-100x100-1.png","contentUrl":"https:\/\/institutomahle.org.br\/wp-content\/uploads\/2022\/03\/instituto-mahle-logo-100x100-1.png","width":100,"height":99,"caption":"Instituto Mahle"},"image":{"@id":"https:\/\/institutomahle.org.br\/#\/schema\/logo\/image\/"}},{"@type":"Person","@id":"https:\/\/institutomahle.org.br\/#\/schema\/person\/6b4616d30f1d7c9f16bbf6b5bb97a824","name":"mmo.digital","image":{"@type":"ImageObject","inLanguage":"en-US","@id":"https:\/\/institutomahle.org.br\/#\/schema\/person\/image\/","url":"https:\/\/secure.gravatar.com\/avatar\/d4e415109cd3d2466f2128a9d564d07db1320b20b0ebb5dc4efa8579059e07cb?s=96&d=mm&r=g","contentUrl":"https:\/\/secure.gravatar.com\/avatar\/d4e415109cd3d2466f2128a9d564d07db1320b20b0ebb5dc4efa8579059e07cb?s=96&d=mm&r=g","caption":"mmo.digital"},"sameAs":["https:\/\/institutomahle.org.br"],"url":"https:\/\/institutomahle.org.br\/en\/author\/mmo-digital\/"}]}},"_links":{"self":[{"href":"https:\/\/institutomahle.org.br\/en\/wp-json\/wp\/v2\/posts\/4725","targetHints":{"allow":["GET"]}}],"collection":[{"href":"https:\/\/institutomahle.org.br\/en\/wp-json\/wp\/v2\/posts"}],"about":[{"href":"https:\/\/institutomahle.org.br\/en\/wp-json\/wp\/v2\/types\/post"}],"author":[{"embeddable":true,"href":"https:\/\/institutomahle.org.br\/en\/wp-json\/wp\/v2\/users\/1"}],"replies":[{"embeddable":true,"href":"https:\/\/institutomahle.org.br\/en\/wp-json\/wp\/v2\/comments?post=4725"}],"version-history":[{"count":9,"href":"https:\/\/institutomahle.org.br\/en\/wp-json\/wp\/v2\/posts\/4725\/revisions"}],"predecessor-version":[{"id":5245,"href":"https:\/\/institutomahle.org.br\/en\/wp-json\/wp\/v2\/posts\/4725\/revisions\/5245"}],"wp:featuredmedia":[{"embeddable":true,"href":"https:\/\/institutomahle.org.br\/en\/wp-json\/wp\/v2\/media\/4732"}],"wp:attachment":[{"href":"https:\/\/institutomahle.org.br\/en\/wp-json\/wp\/v2\/media?parent=4725"}],"wp:term":[{"taxonomy":"category","embeddable":true,"href":"https:\/\/institutomahle.org.br\/en\/wp-json\/wp\/v2\/categories?post=4725"},{"taxonomy":"post_tag","embeddable":true,"href":"https:\/\/institutomahle.org.br\/en\/wp-json\/wp\/v2\/tags?post=4725"}],"curies":[{"name":"wp","href":"https:\/\/api.w.org\/{rel}","templated":true}]}}